{"id":83566,"date":"2005-12-15T13:22:20","date_gmt":"2005-12-15T12:22:20","guid":{"rendered":"https:\/\/mediarun.com\/index.php\/news-posts\/zmiany-w-radiu-bialystok\/"},"modified":"2005-12-15T13:22:20","modified_gmt":"2005-12-15T12:22:20","slug":"zmiany-w-radiu-bialystok","status":"publish","type":"post","link":"https:\/\/mediarun.com\/pl\/media\/radio\/zmiany-w-radiu-bialystok.html","title":{"rendered":"Zmiany w Radiu Bia\u0142ystok"},"content":{"rendered":"<p>&#8211; O stanowisko prezesa Radia Bia\u0142ystok walczy\u0142o dziewi\u0119\u0107 os\u00f3b. Wczoraj rada nadzorcza prowadzi\u0142a z nimi rozmowy kwalifikacyjne. I wybra\u0142a Jana Smyka. Do tej pory by\u0142 on dyrektorem programowym w Radiu B\u0142ystok. Po odej\u015bciu Puci\u0142owskiego pe\u0142ni\u0142 obowi\u0105zki prezesa. &#8211; pisze &#8222;Gazeta Wsp\u00f3\u0142czesna&#8221;<\/p>\n","protected":false},"excerpt":{"rendered":"Jan Smyk zosta\u0142 wczoraj wybrany na stanowisko prezesa zarz\u0105du Radia Bia\u0142ystok SA. Zast\u0105pi on Kazimierza Puci\u0142owskiego, kt\u00f3ry w pa\u017adzierniku zrezygnowa\u0142 z pe\u0142 nienia tej funkcji. &#8211; donosi &#8222;Gazeta Wsp\u00f3\u0142czesna&#8221;","protected":false},"author":1,"featured_media":0,"comment_status":"open","ping_status":"closed","sticky":false,"template":"","format":"standard","meta":{"csco_display_header_overlay":false,"csco_singular_sidebar":"","csco_page_header_type":"","csco_page_load_nextpost":"","csco_post_video_location":[],"csco_post_video_location_hash":"","csco_post_video_url":"","csco_post_video_bg_start_time":0,"csco_post_video_bg_end_time":0,"footnotes":""},"categories":[9672],"tags":[],"class_list":{"0":"post-83566","1":"post","2":"type-post","3":"status-publish","4":"format-standard","6":"category-radio","7":"cs-entry","8":"cs-video-wrap"},"_links":{"self":[{"href":"https:\/\/mediarun.com\/pl\/wp-json\/wp\/v2\/posts\/83566","targetHints":{"allow":["GET"]}}],"collection":[{"href":"https:\/\/mediarun.com\/pl\/wp-json\/wp\/v2\/posts"}],"about":[{"href":"https:\/\/mediarun.com\/pl\/wp-json\/wp\/v2\/types\/post"}],"author":[{"embeddable":true,"href":"https:\/\/mediarun.com\/pl\/wp-json\/wp\/v2\/users\/1"}],"replies":[{"embeddable":true,"href":"https:\/\/mediarun.com\/pl\/wp-json\/wp\/v2\/comments?post=83566"}],"version-history":[{"count":0,"href":"https:\/\/mediarun.com\/pl\/wp-json\/wp\/v2\/posts\/83566\/revisions"}],"wp:attachment":[{"href":"https:\/\/mediarun.com\/pl\/wp-json\/wp\/v2\/media?parent=83566"}],"wp:term":[{"taxonomy":"category","embeddable":true,"href":"https:\/\/mediarun.com\/pl\/wp-json\/wp\/v2\/categories?post=83566"},{"taxonomy":"post_tag","embeddable":true,"href":"https:\/\/mediarun.com\/pl\/wp-json\/wp\/v2\/tags?post=83566"}],"curies":[{"name":"wp","href":"https:\/\/api.w.org\/{rel}","templated":true}]}}