{"id":83551,"date":"2005-12-16T00:27:57","date_gmt":"2005-12-15T23:27:57","guid":{"rendered":"https:\/\/mediarun.com\/index.php\/news-posts\/swiateczna-fala-radia-tok-fm\/"},"modified":"2005-12-16T00:27:57","modified_gmt":"2005-12-15T23:27:57","slug":"swiateczna-fala-radia-tok-fm","status":"publish","type":"post","link":"https:\/\/mediarun.com\/pl\/media\/radio\/swiateczna-fala-radia-tok-fm.html","title":{"rendered":"\u015awi\u0105teczna fala Radia TOK FM"},"content":{"rendered":"<p>20 grudnia we wtorek w Anna Proni\u0144ska w Wi\u0119cej kultury w Popo\u0142udniu Radia TOK FM zaprezentuje i sprezentuje dzieciom ksi\u0105\u017cki pod choink\u0119. Opowie m.in. o &#8222;Przygodach Emila ze Smalandii&#8221; Astrid Lindgren, o ksi\u0105\u017cce Georga Maaga &#8222;Ogr\u00f3d&#8221; i &#8222;Alicji w krainie czar\u00f3w&#8221; C.S.Lewisa.<br \/>\nOd \u015brody, 21 grudnia na antenie Radia TOK FM b\u0119dzie coraz wi\u0119cej muzyki \u015bwi\u0105tecznej. Marcin Wojciechowski przygotowa\u0142 specjaln\u0105 playlist\u0119, a w niej gwiazdkowe utwory m.in. Louisa Armstronga, Barbary Streisand, Luthera Vandrosa oraz Anny Marii Jopek. W czwartkowej Kulturze na tydzie\u0144 o obrz\u0119dach polskich \u015bwi\u0105t opowie Jan Suliga, dyrektor Muzeum Etnograficznego w Warszawie. W pi\u0105kowej edycji Z niejednego pieca b\u0119d\u0105 zaprezentowane \u015bwi\u0105teczne standardy Elvisa Presley&#8217;a. <\/p>\n<p>Na wigilijny program od 08.00 do 13.00 zaprasza Marcin Wojciechowski:<\/p>\n<p>&#8222;Do Wigilii w\u015br\u00f3d zapach\u00f3w dwunastu potraw przygotuje pa\u0144stwa Piotr Adamczewski w \u015bwi\u0105tecznej edycji &#8222;Kuchni \u015awiata&#8221;. A w magazynie &#8222;Obie\u017cy\u015bwiat&#8221; podr\u00f3\u017cnicy opowiedz\u0105 o \u015bwi\u0119tach sp\u0119dzonych w najodleglejszych zak\u0105tkach \u015bwiata. Zaprosz\u0119 te\u017c s\u0142uchaczy do rozmowy &#8211; o tym, jakich prezent\u00f3w i czego w og\u00f3le po \u015bwi\u0119tach si\u0119 spodziewaj\u0105. Od 13.00 do 17.00 wsp\u00f3\u0142gospodarzem programu b\u0119dzie Ewa Podolska:<\/p>\n<p>&#8222;Razem z Marcinem Wojciechowskim porozmawiamy o tym, czym s\u0105 dla nas \u015bwi\u0119ta, jak je wspominamy, jak sp\u0119dzamy, a jak chcieliby\u015bmy je sp\u0119dza\u0107. B\u0119dzie tak\u017ce o \u015bwi\u0119tach ludzi samotnych&#8230;&#8221;<\/p>\n<p>A dwie godziny p\u00f3\u017aniej, w programie O Innych, czyli o Polakach te\u017c Patrycja Bukalska porozmawia z Danut\u0105 Stenk\u0105 przy kaszubskich kol\u0119dach o kaszubskim Bo\u017cym Narodzeniu. <\/p>\n<p>W pierwszy dzie\u0144 \u015bwi\u0105t Ewa Podolska zaprasza s\u0142uchaczy mi\u0119dzy 14.00 a 17.00 do wsp\u00f3lnego \u015bpiewania:<br \/>\n&#8222;Kol\u0119dy &#8211;  czy umiemy je \u015bpiewa\u0107 , czy \u015bpiewamy? Zapraszam na wielki konkurs dla s\u0142uchaczy &#8211; po us\u0142yszeniu fragmentu kol\u0119dy zadaniem s\u0142uchacza b\u0119dzie za\u015bpiewanie dalszych wers\u00f3w. Czekaj\u0105 nagrody, ksi\u0105\u017cki i p\u0142yty.&#8221;<br \/>\nA zaraz po konkursie Jagna Knittel zaprosi w programie O Innych, czyli o Polakach te\u017c do wys\u0142uchania kol\u0119d ukrai\u0144skich. <\/p>\n<p>Na drugi dzie\u0144 \u015bwi\u0105t, poniedzia\u0142ek Ewa Podolska przygotowa\u0142a \u015bwi\u0105teczn\u0105 edycj\u0119 swoich program\u00f3w. O 13.00 porozmawia z Dorot\u0105 Sumi\u0144sk\u0105 o obecno\u015bci zwierz\u0105t w symbolice \u015bwi\u0105tecznej, o 15.00 wolontariuszki opowiedz\u0105 o \u015bwi\u0119tach w Ugandzie i na Madagaskarze. O 16.00 Ewa Podolska porozmawia z psychologiem i mi\u0142o\u015bnikiem zwierz\u0105t, Jackiem Karczewskim o tym, jak \u015bwi\u0119ta sp\u0119dzaj\u0105 zwierz\u0119ta.<\/p>\n<p>Tegoroczny Sylwester w Radiu TOK FM b\u0119dzie trwa\u0142 do bia\u0142ego rana, czyli do 06.00. Zaprasza Marcin Wojciechowski:<\/p>\n<p>&#8222;O wyj\u0105tkowo\u015bci nocy sylwestrowej nie trzeba wiele m\u00f3wi\u0107&#8230; Po raz trzeci z  wielk\u0105 przyjemno\u015bci\u0105 wkrocz\u0119 w Nowy Rok w towarzystwie s\u0142uchaczy Radia TOK FM. Tym razem b\u0119dzie niezwykle o du\u017co jak na nasze radio muzyki. I to doskona\u0142ej. Przygotowanie listy utwor\u00f3w trwa\u0142o dos\u0142ownie ca\u0142y rok. B\u0119dzie to muzyka do ta\u0144ca, ale taka, kt\u00f3rej nikt nie znajdzie w popularnych stacjach radiowych, a jest znana i lubiana. Nie zabraknie przeboj\u00f3w Barry White&#8217;a, Donny Summer, M People czy  Morcheeby. Do wsp\u00f3lnej, szampa\u0144skiej zabawy zapraszam od 20.00&#8221;<\/p>\n<p>W Nowy Rok Anka Grupi\u0144ska zaprasza o 17.00 na muzyczn\u0105 edycj\u0119 programu O Innych, czyli o Polakach te\u017c. Podczas rozmowy z Ol\u0105 Szmielew b\u0119dzie mo\u017cna pos\u0142ucha\u0107 utwor\u00f3w ch\u00f3ru Clil, piosenek w jidysz, hebrajskim i ladino.  <\/p>\n","protected":false},"excerpt":{"rendered":"Redakcja Radia TOK FM przygotowa\u0142a specjaln\u0105 ofert\u0119 programow\u0105 w okresie \u015bwi\u0105tecznym. B\u0119dzie kolorowo i mi\u0119dzynarodowo.","protected":false},"author":1,"featured_media":83552,"comment_status":"open","ping_status":"closed","sticky":false,"template":"","format":"standard","meta":{"csco_display_header_overlay":false,"csco_singular_sidebar":"","csco_page_header_type":"","csco_page_load_nextpost":"","csco_post_video_location":[],"csco_post_video_location_hash":"","csco_post_video_url":"","csco_post_video_bg_start_time":0,"csco_post_video_bg_end_time":0,"footnotes":""},"categories":[9672],"tags":[],"class_list":{"0":"post-83551","1":"post","2":"type-post","3":"status-publish","4":"format-standard","5":"has-post-thumbnail","7":"category-radio","8":"cs-entry","9":"cs-video-wrap"},"_links":{"self":[{"href":"https:\/\/mediarun.com\/pl\/wp-json\/wp\/v2\/posts\/83551","targetHints":{"allow":["GET"]}}],"collection":[{"href":"https:\/\/mediarun.com\/pl\/wp-json\/wp\/v2\/posts"}],"about":[{"href":"https:\/\/mediarun.com\/pl\/wp-json\/wp\/v2\/types\/post"}],"author":[{"embeddable":true,"href":"https:\/\/mediarun.com\/pl\/wp-json\/wp\/v2\/users\/1"}],"replies":[{"embeddable":true,"href":"https:\/\/mediarun.com\/pl\/wp-json\/wp\/v2\/comments?post=83551"}],"version-history":[{"count":0,"href":"https:\/\/mediarun.com\/pl\/wp-json\/wp\/v2\/posts\/83551\/revisions"}],"wp:featuredmedia":[{"embeddable":true,"href":"https:\/\/mediarun.com\/pl\/wp-json\/wp\/v2\/media\/83552"}],"wp:attachment":[{"href":"https:\/\/mediarun.com\/pl\/wp-json\/wp\/v2\/media?parent=83551"}],"wp:term":[{"taxonomy":"category","embeddable":true,"href":"https:\/\/mediarun.com\/pl\/wp-json\/wp\/v2\/categories?post=83551"},{"taxonomy":"post_tag","embeddable":true,"href":"https:\/\/mediarun.com\/pl\/wp-json\/wp\/v2\/tags?post=83551"}],"curies":[{"name":"wp","href":"https:\/\/api.w.org\/{rel}","templated":true}]}}