{"id":83537,"date":"2005-12-16T01:49:58","date_gmt":"2005-12-16T00:49:58","guid":{"rendered":"https:\/\/mediarun.com\/index.php\/news-posts\/super-linia-dla-quadro-media\/"},"modified":"2005-12-16T01:49:58","modified_gmt":"2005-12-16T00:49:58","slug":"super-linia-dla-quadro-media","status":"publish","type":"post","link":"https:\/\/mediarun.com\/pl\/media\/prasa\/super-linia-dla-quadro-media.html","title":{"rendered":"Super Linia dla Quadro Media"},"content":{"rendered":"<p>&#8222;Nowym w\u0142a\u015bcicielem jest Quadro Media, posiadaj\u0105cy w portfolio miesi\u0119cznik &#187;\u017byjmy d\u0142u\u017cej &#171;. Wydawca zatrudni ca\u0142y zesp\u00f3\u0142 redakcyjny z redaktor naczeln\u0105 Ew\u0105 Kafarsk\u0105 oraz zesp\u00f3\u0142 handlowc\u00f3w &#187;Super Linii &#171;&#8221; &#8211; czytamy w komunikacie prasowym Media Expressu.<\/p>\n<p>Sprzeda\u017c &#8222;Super Linii&#8221; negocjowano od kilku miesi\u0119cy. &#8211; Musieli\u015bmy rozwa\u017cy\u0107, czy traktowa\u0107 &#8222;Super Lini\u0119&#8221; jako punkt wyj\u015bcia do rozwoju w segmencie magazyn\u00f3w, czy skoncentrowa\u0107 si\u0119 na marce &#8222;Super Express&#8221; &#8211; m\u00f3wi &#8222;Gazecie Wyborczej&#8221; Ewa Cie\u015blak, prezes Media Express.<\/p>\n","protected":false},"excerpt":{"rendered":"Sp\u00f3\u0142ka Media Express, znana przede wszystkim jako wydawca &#8222;Super Expressu&#8221;, poinformowa\u0142a o sprzeda\u017cy miesi\u0119cznika &#8222;Super Linia&#8221;. Warto\u015bci transakcji nie ujawniono. &#8211; informuje &#8222;Gazeta Wyborcza&#8221;","protected":false},"author":1,"featured_media":0,"comment_status":"open","ping_status":"closed","sticky":false,"template":"","format":"standard","meta":{"csco_display_header_overlay":false,"csco_singular_sidebar":"","csco_page_header_type":"","csco_page_load_nextpost":"","csco_post_video_location":[],"csco_post_video_location_hash":"","csco_post_video_url":"","csco_post_video_bg_start_time":0,"csco_post_video_bg_end_time":0,"footnotes":""},"categories":[9673],"tags":[],"class_list":{"0":"post-83537","1":"post","2":"type-post","3":"status-publish","4":"format-standard","6":"category-prasa","7":"cs-entry","8":"cs-video-wrap"},"_links":{"self":[{"href":"https:\/\/mediarun.com\/pl\/wp-json\/wp\/v2\/posts\/83537","targetHints":{"allow":["GET"]}}],"collection":[{"href":"https:\/\/mediarun.com\/pl\/wp-json\/wp\/v2\/posts"}],"about":[{"href":"https:\/\/mediarun.com\/pl\/wp-json\/wp\/v2\/types\/post"}],"author":[{"embeddable":true,"href":"https:\/\/mediarun.com\/pl\/wp-json\/wp\/v2\/users\/1"}],"replies":[{"embeddable":true,"href":"https:\/\/mediarun.com\/pl\/wp-json\/wp\/v2\/comments?post=83537"}],"version-history":[{"count":0,"href":"https:\/\/mediarun.com\/pl\/wp-json\/wp\/v2\/posts\/83537\/revisions"}],"wp:attachment":[{"href":"https:\/\/mediarun.com\/pl\/wp-json\/wp\/v2\/media?parent=83537"}],"wp:term":[{"taxonomy":"category","embeddable":true,"href":"https:\/\/mediarun.com\/pl\/wp-json\/wp\/v2\/categories?post=83537"},{"taxonomy":"post_tag","embeddable":true,"href":"https:\/\/mediarun.com\/pl\/wp-json\/wp\/v2\/tags?post=83537"}],"curies":[{"name":"wp","href":"https:\/\/api.w.org\/{rel}","templated":true}]}}