{"id":83536,"date":"2005-12-16T01:51:57","date_gmt":"2005-12-16T00:51:57","guid":{"rendered":"https:\/\/mediarun.com\/index.php\/news-posts\/businessweek-schodzi-z-rynku\/"},"modified":"2005-12-16T01:51:57","modified_gmt":"2005-12-16T00:51:57","slug":"businessweek-schodzi-z-rynku","status":"publish","type":"post","link":"https:\/\/mediarun.com\/pl\/media\/prasa\/businessweek-schodzi-z-rynku.html","title":{"rendered":"BusinessWeek schodzi z rynku"},"content":{"rendered":"<p>&#8211; Pismo ukazywa\u0142o si\u0119 na licencji ameryka\u0144skiego wydawnictwa McGraw-Hill, do kt\u00f3rego poza &#8222;BusinessWeek&#8221; nale\u017c\u0105 r\u00f3wnie\u017c tygodnik bran\u017cowy &#8222;Aviation Week&#8221; oraz agencja ratingowa Standard &#038; Poor&#8217;s. &#8211; donosi &#8222;Gazeta Wyborcza&#8221;<\/p>\n<p>&#8211; P\u00f3\u0142 roku temu poinformowali\u015bmy Amerykan\u00f3w, \u017ce tytu\u0142 nie jest rentowny i b\u0119dziemy szuka\u0107 partnera. Oni si\u0119 na to zgodzili. Zacz\u0119li\u015bmy negocjowa\u0107 i, niestety, tydzie\u0144 temu rozmowy zako\u0144czy\u0142y si\u0119 niepowodzeniem &#8211; m\u00f3wi &#8222;GW&#8221; Amadeusz Kr\u00f3l, dyrektor generalny AWR Wprost, kt\u00f3ra wydaje tytu\u0142 od 2000 r. Nie chcia\u0142 ujawni\u0107, z kim toczy\u0142y si\u0119 rozmowy. &#8211; By\u0142 to wydawca zagraniczny dzia\u0142aj\u0105cy w Polsce &#8211; powiedzia\u0142 &#8222;Gazecie Wyborczej&#8221; Kr\u00f3l. Rozmowy za\u0142ama\u0142y si\u0119 w ubieg\u0142ym tygodniu, gdy\u017c potencjalny partner AWR Wprost chcia\u0142 korzysta\u0107 z materia\u0142\u00f3w McGraw-Hill, wydaj\u0105c tygodnik niekoniecznie pod mark\u0105 &#8222;BusinessWeek&#8221;, czego Amerykanie nie mogli zaakceptowa\u0107.<\/p>\n<p>&#8211; W tym roku dwutygodnik &#8222;BusinessWeek&#8221; przyni\u00f3s\u0142 AWR Wprost ok. 1,5 mln z\u0142 straty. Od sierpnia 2004 do sierpnia 2005 \u015brednia sprzeda\u017c pisma wynios\u0142a 14,1 tys. egzemplarzy (dane ZKDP, rozpowszechnianie p\u0142atne). &#8211; Chcieli\u015bmy z ojcem wydawa\u0107 pismo, nawet je\u015bli b\u0119dzie ono wychodzi\u0142o na zero, ale tak si\u0119 nie sta\u0142o. Bardzo tego \u017ca\u0142uj\u0119 &#8211; m\u00f3wi Amadeusz Kr\u00f3l. Dodaje, \u017ce pracownicy redakcji &#8222;BusinessWeeka&#8221; zatrudnieni na etatach (sze\u015b\u0107-siedem os\u00f3b) otrzymali propozycj\u0119 pracy w internetowym wydaniu tygodnika &#8222;Wprost&#8221;. &#8211; pisze &#8222;Gazeta Wyborcza&#8221;<\/p>\n","protected":false},"excerpt":{"rendered":"Polska edycja &#8222;BusinessWeek&#8221; przestanie si\u0119 ukazywa\u0107 od stycznia przysz\u0142ego roku &#8211; poinformowa\u0142a &#8222;Gazet\u0119 Wyborcz\u0105&#8221; wydaj\u0105ca ten tytu\u0142 Agencja Wydawniczo-Reklamowa &#8222;Wprost&#8221;","protected":false},"author":1,"featured_media":0,"comment_status":"open","ping_status":"closed","sticky":false,"template":"","format":"standard","meta":{"csco_display_header_overlay":false,"csco_singular_sidebar":"","csco_page_header_type":"","csco_page_load_nextpost":"","csco_post_video_location":[],"csco_post_video_location_hash":"","csco_post_video_url":"","csco_post_video_bg_start_time":0,"csco_post_video_bg_end_time":0,"footnotes":""},"categories":[9673],"tags":[],"class_list":{"0":"post-83536","1":"post","2":"type-post","3":"status-publish","4":"format-standard","6":"category-prasa","7":"cs-entry","8":"cs-video-wrap"},"_links":{"self":[{"href":"https:\/\/mediarun.com\/pl\/wp-json\/wp\/v2\/posts\/83536","targetHints":{"allow":["GET"]}}],"collection":[{"href":"https:\/\/mediarun.com\/pl\/wp-json\/wp\/v2\/posts"}],"about":[{"href":"https:\/\/mediarun.com\/pl\/wp-json\/wp\/v2\/types\/post"}],"author":[{"embeddable":true,"href":"https:\/\/mediarun.com\/pl\/wp-json\/wp\/v2\/users\/1"}],"replies":[{"embeddable":true,"href":"https:\/\/mediarun.com\/pl\/wp-json\/wp\/v2\/comments?post=83536"}],"version-history":[{"count":0,"href":"https:\/\/mediarun.com\/pl\/wp-json\/wp\/v2\/posts\/83536\/revisions"}],"wp:attachment":[{"href":"https:\/\/mediarun.com\/pl\/wp-json\/wp\/v2\/media?parent=83536"}],"wp:term":[{"taxonomy":"category","embeddable":true,"href":"https:\/\/mediarun.com\/pl\/wp-json\/wp\/v2\/categories?post=83536"},{"taxonomy":"post_tag","embeddable":true,"href":"https:\/\/mediarun.com\/pl\/wp-json\/wp\/v2\/tags?post=83536"}],"curies":[{"name":"wp","href":"https:\/\/api.w.org\/{rel}","templated":true}]}}