{"id":83501,"date":"2005-12-16T06:00:00","date_gmt":"2005-12-16T05:00:00","guid":{"rendered":"https:\/\/mediarun.com\/index.php\/news-posts\/tvp-kultura-od-piatku-w-warszawie-i-krakowie\/"},"modified":"2005-12-16T06:00:00","modified_gmt":"2005-12-16T05:00:00","slug":"tvp-kultura-od-piatku-w-warszawie-i-krakowie","status":"publish","type":"post","link":"https:\/\/mediarun.com\/pl\/media\/tv\/tvp-kultura-od-piatku-w-warszawie-i-krakowie.html","title":{"rendered":"TVP Kultura od pi\u0105tku w Warszawie i Krakowie"},"content":{"rendered":"<p><P>roku ten pierwszy kana\u0142 tematyczny Telewizji Polskiej maj\u0105 odbiera\u0107 4 mln widz\u00f3w telewizji kablowej.&nbsp;Poinformowa\u0142 o tym w \u015brod\u0119 dyrektor TVP Kultura Jacek Weksler. <\/P><br \/>\n<P>Umo\u017cliwienie abonentom sieci kablowych odbioru tego kana\u0142u to wynik grudniowego porozumienia zawartego mi\u0119dzy TVP a operatorami kablowymi w sprawie bezp\u0142atnego rozprowadzania programu TVP Kultura. <\/P><br \/>\n<P>Wcze\u015bniej mi\u0119dzy Telewizj\u0105 Polsk\u0105 a &#8222;kabl\u00f3wkami&#8221; istnia\u0142 w tej sprawie sp\u00f3r, bo TVP chcia\u0142a, by operatorzy p\u0142acili jej za umieszczanie w swoich ofertach tego kana\u0142u. <\/P><br \/>\n<P>Obecnie TVP zawiera umowy z poszczeg\u00f3lnymi operatorami w sprawie umieszczenia TVP Kultura w ich ofertach. <\/P><br \/>\n<P>&#8222;U\u017cytkownicy Aster b\u0119d\u0105 mieli mo\u017cliwo\u015b\u0107 uczestniczenia w grudniowych wydarzeniach TVP Kultura. W programie wiele hit\u00f3w: koncerty Davida Bowie, Kurta Ellinga i Leszka Mo\u017cd\u017cera; dzie\u0144 polskich prapremier filmowych, teatr na \u017cywo, czyli transmisja wroc\u0142awskiego musicalu &#8222;Scat&#8221;, Wigilia z laureatem tegorocznego <BR>konkursu chopinowskiego Rafa\u0142em Blechaczem, a tak\u017ce &#8222;Cinema Paradiso&#8221; &#8211; film Giuseppe Tornatore obsypany nagrodami&#8221; &#8211; napisa\u0142 dyrektor TVP Kultura w komunikacie. <\/P><br \/>\n<P>Doda\u0142, \u017ce w grudniowej ofercie znajd\u0105 si\u0119 tak\u017ce filmy dokumentalne, debaty, artystyczne eksperymenty i wiadomo\u015bci ze \u015bwiata kultury i nauki. <\/P><br \/>\n<P>Kana\u0142 TVP Kultura b\u0119dzie nadawany w Warszawie na kanale C21 (471,25 MHZ), za\u015b w Krakowie na kanale S23 (343,25 MHZ). <\/P><\/p>\n","protected":false},"excerpt":{"rendered":"Ju\u017c od pi\u0105tku kana\u0142 TVP Kultura b\u0119dzie dost\u0119pny w sieci kablowej Aster w Warszawie i Krakowie. Na pocz\u0105tku przysz\u0142ego&#8230;","protected":false},"author":1,"featured_media":83502,"comment_status":"open","ping_status":"closed","sticky":false,"template":"","format":"standard","meta":{"csco_display_header_overlay":false,"csco_singular_sidebar":"","csco_page_header_type":"","csco_page_load_nextpost":"","csco_post_video_location":[],"csco_post_video_location_hash":"","csco_post_video_url":"","csco_post_video_bg_start_time":0,"csco_post_video_bg_end_time":0,"footnotes":""},"categories":[9670],"tags":[],"class_list":{"0":"post-83501","1":"post","2":"type-post","3":"status-publish","4":"format-standard","5":"has-post-thumbnail","7":"category-tv","8":"cs-entry","9":"cs-video-wrap"},"_links":{"self":[{"href":"https:\/\/mediarun.com\/pl\/wp-json\/wp\/v2\/posts\/83501","targetHints":{"allow":["GET"]}}],"collection":[{"href":"https:\/\/mediarun.com\/pl\/wp-json\/wp\/v2\/posts"}],"about":[{"href":"https:\/\/mediarun.com\/pl\/wp-json\/wp\/v2\/types\/post"}],"author":[{"embeddable":true,"href":"https:\/\/mediarun.com\/pl\/wp-json\/wp\/v2\/users\/1"}],"replies":[{"embeddable":true,"href":"https:\/\/mediarun.com\/pl\/wp-json\/wp\/v2\/comments?post=83501"}],"version-history":[{"count":0,"href":"https:\/\/mediarun.com\/pl\/wp-json\/wp\/v2\/posts\/83501\/revisions"}],"wp:featuredmedia":[{"embeddable":true,"href":"https:\/\/mediarun.com\/pl\/wp-json\/wp\/v2\/media\/83502"}],"wp:attachment":[{"href":"https:\/\/mediarun.com\/pl\/wp-json\/wp\/v2\/media?parent=83501"}],"wp:term":[{"taxonomy":"category","embeddable":true,"href":"https:\/\/mediarun.com\/pl\/wp-json\/wp\/v2\/categories?post=83501"},{"taxonomy":"post_tag","embeddable":true,"href":"https:\/\/mediarun.com\/pl\/wp-json\/wp\/v2\/tags?post=83501"}],"curies":[{"name":"wp","href":"https:\/\/api.w.org\/{rel}","templated":true}]}}