{"id":83497,"date":"2005-12-16T06:00:00","date_gmt":"2005-12-16T05:00:00","guid":{"rendered":"https:\/\/mediarun.com\/index.php\/news-posts\/co-polki-maja-w-kosmetyczkach\/"},"modified":"2005-12-16T06:00:00","modified_gmt":"2005-12-16T05:00:00","slug":"co-polki-maja-w-kosmetyczkach","status":"publish","type":"post","link":"https:\/\/mediarun.com\/pl\/trendy\/badania\/co-polki-maja-w-kosmetyczkach.html","title":{"rendered":"Co Polki maj\u0105 w kosmetyczkach?"},"content":{"rendered":"<p><P>szafek i toaletek, aby zapisa\u0107 ilo\u015b\u0107, marki i kolory kosmetyk\u00f3w. &#8222;Oto ca\u0142a kolorowa prawda o nas&#8221;&nbsp;&#8211; pisze Maria Szczepa\u0144ska w artykule &#8222;Czym maluj\u0105 si\u0119 Polki?&#8221;, kt\u00f3ry zosta\u0142 przygotowany na podstawie raportu agencji badawczej Inquiry. Artyku\u0142 zosta\u0142 opublikowany w grudniowym, jubileuszowym wydaniu miesi\u0119cznika Tw\u00f3j Styl.<\/P><br \/>\n<P>Lider prasy kobiecej przytacza obszerne, szczeg\u00f3\u0142owe dane z raportu &#8222;Rynek kosmetyk\u00f3w kolorowych &#8211; Kosmetyczka Polki 2005&#8221;. Z artyku\u0142u opartego na wynikach badania wykonanego przez agencj\u0119 badawcz\u0105 Inquiry mo\u017cemy dowiedzie\u0107 si\u0119 mi\u0119dzy innymi, na jakie grupy dziel\u0105 si\u0119 Polki (ze wzgl\u0119du na spos\u00f3b u\u017cywania przez nie kosmetyk\u00f3w), jakie kolory kosmetyk\u00f3w Polki lubi\u0105 najbardziej, jak cz\u0119sto si\u0119 maluj\u0105 oraz czym dla nich jest makija\u017c. <BR>&nbsp;<BR>&#8222;Z bada\u0144 Inquiry wynika, \u017ce najbardziej skupione na urodzie s\u0105 kobiety do 24. roku \u017cycia. Ch\u0142on\u0105 nowinki kosmetyczne, wzoruj\u0105 si\u0119 na teledyskach, kochaj\u0105 zmiany. Nie boj\u0105 si\u0119 fioletowej maskary czy mocnego r\u00f3\u017cu. Natomiast kobiety w wieku od 44 do 65 lat uznaj\u0105 urod\u0119 za spraw\u0119 \u015bredniej albo nawet ma\u0142ej wagi. Ta grupa jest najbardziej wierna swoim makija\u017cowym przyzwyczajeniom, czasami nabytym nawet 20 lat wcze\u015bniej. Ale najwi\u0119cej, bo 60 proc. z nas podchodzi do sprawy zdroworozs\u0105dkowo. Czyli uroda jest wa\u017cna, ale nie najwa\u017cniejsza&#8221;&nbsp;&#8211; czytamy w artykule w Twoim Stylu.<\/P><br \/>\n<P>&#8211; Dzi\u0119ki badaniu Inquiry dowiedzia\u0142y\u015bmy si\u0119, jakich kosmetyk\u00f3w najbardziej lubi\u0105 u\u017cywa\u0107 nasze czytelniczki. Wyniki s\u0105 zaskakuj\u0105ce, odpowiedzi Polek momentami zabawne, a ca\u0142o\u015b\u0107 bardzo interesuj\u0105ca nie tylko dla dziennikarek dzia\u0142u urody. Mog\u0142abym doda\u0107: poka\u017c mi swoj\u0105 kosmetyczk\u0119, a powiem ci kim jeste\u015b, co lubisz, ile czasu po\u015bwi\u0119casz na dbanie o siebie?&nbsp;&#8211; m\u00f3wi Maria Szczepa\u0144ska, dziennikarka dzia\u0142u Uroda miesi\u0119cznika Tw\u00f3j Styl.<\/P><br \/>\n<P>Pe\u0142n\u0105 tre\u015b\u0107 artyku\u0142u, w tym dane z raportu, mo\u017cna znale\u017a\u0107 w jubileuszowym, grudniowym numerze miesi\u0119cznika Tw\u00f3j Styl.<\/P><\/p>\n","protected":false},"excerpt":{"rendered":"Badacze z agencji Inquiry postanowili dowiedzie\u0107 si\u0119, czym maluj\u0105 si\u0119 kobiety w Polsce. Zajrzeli do kosmetyczek, torebek&#8230;","protected":false},"author":1,"featured_media":83498,"comment_status":"open","ping_status":"closed","sticky":false,"template":"","format":"standard","meta":{"csco_display_header_overlay":false,"csco_singular_sidebar":"","csco_page_header_type":"","csco_page_load_nextpost":"","csco_post_video_location":[],"csco_post_video_location_hash":"","csco_post_video_url":"","csco_post_video_bg_start_time":0,"csco_post_video_bg_end_time":0,"footnotes":""},"categories":[9662],"tags":[],"class_list":{"0":"post-83497","1":"post","2":"type-post","3":"status-publish","4":"format-standard","5":"has-post-thumbnail","7":"category-badania","8":"cs-entry","9":"cs-video-wrap"},"_links":{"self":[{"href":"https:\/\/mediarun.com\/pl\/wp-json\/wp\/v2\/posts\/83497","targetHints":{"allow":["GET"]}}],"collection":[{"href":"https:\/\/mediarun.com\/pl\/wp-json\/wp\/v2\/posts"}],"about":[{"href":"https:\/\/mediarun.com\/pl\/wp-json\/wp\/v2\/types\/post"}],"author":[{"embeddable":true,"href":"https:\/\/mediarun.com\/pl\/wp-json\/wp\/v2\/users\/1"}],"replies":[{"embeddable":true,"href":"https:\/\/mediarun.com\/pl\/wp-json\/wp\/v2\/comments?post=83497"}],"version-history":[{"count":0,"href":"https:\/\/mediarun.com\/pl\/wp-json\/wp\/v2\/posts\/83497\/revisions"}],"wp:featuredmedia":[{"embeddable":true,"href":"https:\/\/mediarun.com\/pl\/wp-json\/wp\/v2\/media\/83498"}],"wp:attachment":[{"href":"https:\/\/mediarun.com\/pl\/wp-json\/wp\/v2\/media?parent=83497"}],"wp:term":[{"taxonomy":"category","embeddable":true,"href":"https:\/\/mediarun.com\/pl\/wp-json\/wp\/v2\/categories?post=83497"},{"taxonomy":"post_tag","embeddable":true,"href":"https:\/\/mediarun.com\/pl\/wp-json\/wp\/v2\/tags?post=83497"}],"curies":[{"name":"wp","href":"https:\/\/api.w.org\/{rel}","templated":true}]}}