{"id":83490,"date":"2005-12-16T13:13:53","date_gmt":"2005-12-16T12:13:53","guid":{"rendered":"https:\/\/mediarun.com\/index.php\/news-posts\/wigilia-ludzi-dobrej-woli\/"},"modified":"2005-12-16T13:13:53","modified_gmt":"2005-12-16T12:13:53","slug":"wigilia-ludzi-dobrej-woli","status":"publish","type":"post","link":"https:\/\/mediarun.com\/pl\/media\/radio\/wigilia-ludzi-dobrej-woli.html","title":{"rendered":"Wigilia Ludzi Dobrej Woli"},"content":{"rendered":"<p>Koncert odb\u0119dzie si\u0119 dzi\u015b, 16 grudnia o godz. 18.00 w Muzeum Historii Miasta \u0141odzi. Na Wigilii, przy op\u0142atku spotkaj\u0105 si\u0119 przedstawiciele \u0142\u00f3dzkich firm, bank\u00f3w, zak\u0142ad\u00f3w ubezpieczeniowych, przedstawiciele \u015bwiata kultury, nauki oraz arty\u015bci. Wiecz\u00f3r u\u015bwietni wyst\u0119p Katarzyny Skrzyneckiej, kt\u00f3ra za\u015bpiewa kol\u0119dy. Obok niej wyst\u0105pi r\u00f3wnie\u017c \u0142\u00f3dzki, dzieci\u0119cy zesp\u00f3\u0142 pie\u015bni i ta\u0144ca &#8222;P\u0119dziwiatry&#8221;. W trakcie imprezy zostanie przeprowadzona licytacja dar\u00f3w przekazanych przez znanych \u0141odzian. Doch\u00f3d z aukcji oraz ze sprzeda\u017cy cegie\u0142ek- dwuosobowych zaprosze\u0144 b\u0119dzie przekazany na leczenie dw\u00f3ch chorych ch\u0142opc\u00f3w &#8211; podopiecznych Fundacji Gajusz, pacjent\u00f3w Hospicjum dla Dzieci. <\/p>\n<p>Patryk Kowalski ma ponad pi\u0119\u0107 lat i cierpi na nieuleczaln\u0105 p\u0119cherzyc\u0119. Rany na ciele s\u0105 coraz rozleglejsze i od blisko dw\u00f3ch lat nie przybiera na wadze. Patryk \u017belewski ma rok i osiem miesi\u0119cy. Ma powa\u017cnie uszkodzony m\u00f3zg, wodog\u0142owie czterokomorowe i lekooporn\u0105 padaczk\u0119. Jest dzieckiem bez kontaktu. Potrzebuje ssaka i dobrego inhalatora oraz cz\u0119stej rehabilitacji, kt\u00f3ra zapobiegnie przykurczom mi\u0119\u015bni. <\/p>\n<p>Efektem dotychczasowych dzia\u0142a\u0144 prowadzonych w ramach &#8222;Wigilii Ludzi Dobrej Woli&#8221; by\u0142o przekazanie ponad 350 tys. z\u0142otych wsp\u00f3\u0142pracuj\u0105cym z organizatorami Fundacjom. Dzi\u0119ki tym funduszom m.in.: zosta\u0142o wyposa\u017conych 10 sal rekreacyjnych w \u0142\u00f3dzkich domach dziecka. Dofinansowano r\u00f3wnie\u017c zakup elektrokardiogramu dla nowopowsta\u0142ego Oddzia\u0142u Toksykologii Dzieci\u0119cej i zakup urz\u0105dzenia monitoruj\u0105cego dla Klinicznego Oddzia\u0142u Kardiologii. Fundusze zebrane z Koncertu przekazywano tak\u017ce konkretnym osobom. W 2002 roku zbierano pieni\u0105dze na dalsze leczenie 5-letniego \u0141ukaszka, kt\u00f3ry przeszed\u0142 nieudan\u0105 operacj\u0119 guza m\u00f3zgu. Zebrana rok p\u00f3\u017aniej kwota przekazana zosta\u0142a na rzecz 13-letniego Mariusza St\u0119pnia, cierpi\u0105cego od kilku lat na dystrofi\u0119 mi\u0119\u015bniow\u0105 typu Duchenne&#8217;a. Pieni\u0105dze pokry\u0142y koszty zwi\u0105zane z jego pobytem i badaniami lekarskimi na terenie Niemiec oraz koszty zwi\u0105zane z wykonaniem gorsetu ortopedycznego oraz dalsz\u0105 rehabilitacj\u0105. W roku 2004 dzia\u0142ania organizator\u00f3w Wigilii zmieni\u0142y wcze\u015bniejsz\u0105 decyzj\u0119 Narodowego Funduszu Zdrowia. Pocz\u0105tkowo NFZ odm\u00f3wi\u0142 pokrycia koszt\u00f3w leczenia 7-letniej Justynki, cierpi\u0105cej na Zesp\u00f3\u0142 Kostmana. To bardzo rzadka choroba genetyczna &#8211; zmar\u0142a na ni\u0105 jej siostra. Odporno\u015b\u0107 organizmu por\u00f3wnuje si\u0119 do stanu po leczeniu chemi\u0105. Dzi\u0119ki interwencji i nag\u0142o\u015bnieniu problemu przez Radio Pogoda 89,6 FM NFZ zdecydowa\u0142 si\u0119 pom\u00f3c dziewczynce. Zebrane w ubieg\u0142ym roku pieni\u0105dze zosta\u0142y przeznaczone na leczenie Patryka Kowalskiego, cierpi\u0105cego na nieuleczaln\u0105 p\u0119cherzyc\u0119 &#8211; ch\u0142opca, kt\u00f3ry otrzyma wsparcie r\u00f3wnie\u017c w tym roku.<\/p>\n<p>Imprez\u0119 poprowadz\u0105 Magdalena Michalak z TVP 3 Oddzia\u0142 w \u0141odzi i Piotr Rog\u00f3sz z Radia Pogoda 89,6 FM Pogodne Przeboje.  TVP 3 Oddzia\u0142 w \u0141odzi wyemituje relacje z Koncertu w wiecz\u00f3r wigilijny.<\/p>\n<p>Sponsorami koncertu s\u0105: PZU \u017bycie S.A. Oddzia\u0142 w \u0141odzi, Olimpia S.A., Skanska S.A. Oddzia\u0142 Budownictwa Og\u00f3lnego w \u0141odzi, Telefonia Dialog S.A, Centralwings Tanie Polskie Linie Lotnicze, Zak\u0142ad Energetyczny \u0141\u00f3d\u017a Teren S.A., &#8222;Belatex&#8221;, Kastor S.A., Wojew\u00f3dzki O\u015brodek Ruchu Drogowego i PKO Bank Polski. Organizatorzy sk\u0142adaj\u0105 specjalne podzi\u0119kowania Perfumerii Douglas, Studiu Mody TOK Klary Tolnai oraz marketowi OBI.<\/p>\n","protected":false},"excerpt":{"rendered":"Radio Pogoda 89,6 FM Pogodne Przeboje we wsp\u00f3\u0142pracy z Muzeum Historii Miasta \u0141odzi, &#8222;Gazet\u0105 Wyborcz\u0105&#8221; i TVP 3 Oddzia\u0142 w \u0141odzi organizuje Koncert Charytatywny &#8222;Wigilia Ludzi Dobrej Woli&#8217;. To ju\u017c 9. edycja tego Koncertu Charytatywnego, z kt\u00f3rego doch\u00f3d przeznaczony zostanie na leczenie ci\u0119\u017cko chorych dzieci.","protected":false},"author":1,"featured_media":0,"comment_status":"open","ping_status":"closed","sticky":false,"template":"","format":"standard","meta":{"csco_display_header_overlay":false,"csco_singular_sidebar":"","csco_page_header_type":"","csco_page_load_nextpost":"","csco_post_video_location":[],"csco_post_video_location_hash":"","csco_post_video_url":"","csco_post_video_bg_start_time":0,"csco_post_video_bg_end_time":0,"footnotes":""},"categories":[9672],"tags":[],"class_list":{"0":"post-83490","1":"post","2":"type-post","3":"status-publish","4":"format-standard","6":"category-radio","7":"cs-entry","8":"cs-video-wrap"},"_links":{"self":[{"href":"https:\/\/mediarun.com\/pl\/wp-json\/wp\/v2\/posts\/83490","targetHints":{"allow":["GET"]}}],"collection":[{"href":"https:\/\/mediarun.com\/pl\/wp-json\/wp\/v2\/posts"}],"about":[{"href":"https:\/\/mediarun.com\/pl\/wp-json\/wp\/v2\/types\/post"}],"author":[{"embeddable":true,"href":"https:\/\/mediarun.com\/pl\/wp-json\/wp\/v2\/users\/1"}],"replies":[{"embeddable":true,"href":"https:\/\/mediarun.com\/pl\/wp-json\/wp\/v2\/comments?post=83490"}],"version-history":[{"count":0,"href":"https:\/\/mediarun.com\/pl\/wp-json\/wp\/v2\/posts\/83490\/revisions"}],"wp:attachment":[{"href":"https:\/\/mediarun.com\/pl\/wp-json\/wp\/v2\/media?parent=83490"}],"wp:term":[{"taxonomy":"category","embeddable":true,"href":"https:\/\/mediarun.com\/pl\/wp-json\/wp\/v2\/categories?post=83490"},{"taxonomy":"post_tag","embeddable":true,"href":"https:\/\/mediarun.com\/pl\/wp-json\/wp\/v2\/tags?post=83490"}],"curies":[{"name":"wp","href":"https:\/\/api.w.org\/{rel}","templated":true}]}}