{"id":83487,"date":"2005-12-16T13:24:41","date_gmt":"2005-12-16T12:24:41","guid":{"rendered":"https:\/\/mediarun.com\/index.php\/news-posts\/nowe-studio-w-gorzowie\/"},"modified":"2005-12-16T13:24:41","modified_gmt":"2005-12-16T12:24:41","slug":"nowe-studio-w-gorzowie","status":"publish","type":"post","link":"https:\/\/mediarun.com\/pl\/media\/tv\/nowe-studio-w-gorzowie.html","title":{"rendered":"Nowe studio w Gorzowie"},"content":{"rendered":"<p>&#8211; Teren, na kt\u00f3rym dzisiaj stoi jedynie opuszczony dom jednorodzinny. ma 4 tys. m kw. Miasto chce go sprzeda\u0107 z ..du\u017cym rabatem. Od pi\u0119ciu lat gorzowskie studio telewizji publicznej mie\u015bci si\u0119 na III pi\u0119trze wie\u017cowca przy ul. Kombatant\u00f3w. Kilkana\u015bcie os\u00f3b pracuje w kilku ma\u0142ych pomieszczeniach. &#8211; czytamy w lokalnej &#8222;GW&#8221;<\/p>\n<p>&#8211; Nowy budynek da nam nowe mo\u017cliwo\u015bci. Powstanie tam studio. w kt\u00f3rym b\u0119dziemy mogli realizowa\u0107 programy z udzia\u0142em publiczno\u015bci &#8211; m\u00f3wi &#8222;Gazecie Wyborczej&#8221; Dariusz Frejman, p.o. dyrektora luhuskiego oddzia\u0142u TVP. &#8211; Przeprowadzka b\u0119dzie te\u017c okazj\u0105 do technologicznego unowocze\u015bnienia telewizji. Nowy budynek wyposa\u017cymy w najnowszy sprz\u0119t &#8211; dodaje Frejman.<\/p>\n","protected":false},"excerpt":{"rendered":"Na wiosn\u0119 lozpoeznie si\u0119 w Gorzowie budowa siedziby lubuskiego o\u015brodka TVP. W nowym studio b\u0119dzie mo\u017cna realizowa\u0107 programy z udzia\u0142em publiczno\u015bci. Jednopi\u0119trowy budynek telewizji powstanic na dzia\u0142ce przy ul. Pi\u0142sudskiego. &#8211; informuje &#8222;Gazeta Wyborcza&#8221;","protected":false},"author":1,"featured_media":0,"comment_status":"open","ping_status":"closed","sticky":false,"template":"","format":"standard","meta":{"csco_display_header_overlay":false,"csco_singular_sidebar":"","csco_page_header_type":"","csco_page_load_nextpost":"","csco_post_video_location":[],"csco_post_video_location_hash":"","csco_post_video_url":"","csco_post_video_bg_start_time":0,"csco_post_video_bg_end_time":0,"footnotes":""},"categories":[9670],"tags":[],"class_list":{"0":"post-83487","1":"post","2":"type-post","3":"status-publish","4":"format-standard","6":"category-tv","7":"cs-entry","8":"cs-video-wrap"},"_links":{"self":[{"href":"https:\/\/mediarun.com\/pl\/wp-json\/wp\/v2\/posts\/83487","targetHints":{"allow":["GET"]}}],"collection":[{"href":"https:\/\/mediarun.com\/pl\/wp-json\/wp\/v2\/posts"}],"about":[{"href":"https:\/\/mediarun.com\/pl\/wp-json\/wp\/v2\/types\/post"}],"author":[{"embeddable":true,"href":"https:\/\/mediarun.com\/pl\/wp-json\/wp\/v2\/users\/1"}],"replies":[{"embeddable":true,"href":"https:\/\/mediarun.com\/pl\/wp-json\/wp\/v2\/comments?post=83487"}],"version-history":[{"count":0,"href":"https:\/\/mediarun.com\/pl\/wp-json\/wp\/v2\/posts\/83487\/revisions"}],"wp:attachment":[{"href":"https:\/\/mediarun.com\/pl\/wp-json\/wp\/v2\/media?parent=83487"}],"wp:term":[{"taxonomy":"category","embeddable":true,"href":"https:\/\/mediarun.com\/pl\/wp-json\/wp\/v2\/categories?post=83487"},{"taxonomy":"post_tag","embeddable":true,"href":"https:\/\/mediarun.com\/pl\/wp-json\/wp\/v2\/tags?post=83487"}],"curies":[{"name":"wp","href":"https:\/\/api.w.org\/{rel}","templated":true}]}}