{"id":83484,"date":"2005-12-16T14:23:23","date_gmt":"2005-12-16T13:23:23","guid":{"rendered":"https:\/\/mediarun.com\/index.php\/news-posts\/nowy-magazyn-w-tvn24\/"},"modified":"2005-12-16T14:23:23","modified_gmt":"2005-12-16T13:23:23","slug":"nowy-magazyn-w-tvn24","status":"publish","type":"post","link":"https:\/\/mediarun.com\/pl\/media\/tv\/nowy-magazyn-w-tvn24.html","title":{"rendered":"Nowy magazyn w TVN24"},"content":{"rendered":"<p>Maciej Wierzy\u0144ski nie chcia\u0142 zdradzi\u0107 na razie formu\u0142y programu. &#8211; Na razie zbyt wiele element\u00f3w programu wymaga dalszej dyskusji &#8211; t\u0142umaczy nam.<\/p>\n<p>Wierzy\u0144ski od kilku miesi\u0119cy pe\u0142ni funkcj\u0119 zast\u0119pcy dyrektora programowego TVN24 ds. analiz i strategii. Jest r\u00f3wnie\u017c redaktorem odpowiedzialnym za wieczorne wydanie &#8222;Magazynu 24 godziny&#8221;.<\/p>\n<p>Wierzy\u0144ski by\u0142 redaktorem naczelnym nowojorskiego &#8222;Nowego Dziennika&#8221;. W Chicago pracowa\u0142 dla &#8222;Dziennika Zwi\u0105zkowego&#8221;. Za\u0142o\u017cy\u0142 tak\u017ce polonijn\u0105 telewizj\u0119 &#8222;Polvision&#8221;. Zwi\u0105zany by\u0142 z Radiem Wolna Europa. Kierowa\u0142 r\u00f3wnie\u017c Polsk\u0105 Sekcj\u0105 G\u0142osu Ameryka.<\/p>\n","protected":false},"excerpt":{"rendered":"Maciej Wierzy\u0144ski poprowadzi od stycznia w TVN24 nowy magazyn mi\u0119dzynarodowy &#8222;Horyzont&#8221;. Program zast\u0105pi na antenie &#8222;Ca\u0142y ten \u015bwiat&#8221; Grzegorza Miecugowa. &#8222;Horyzont&#8221;, podobnie jak program Miecugowa, nadawany b\u0119dzie w ka\u017cd\u0105 sobot\u0119 po godzinie 11.","protected":false},"author":1,"featured_media":83485,"comment_status":"open","ping_status":"closed","sticky":false,"template":"","format":"standard","meta":{"csco_display_header_overlay":false,"csco_singular_sidebar":"","csco_page_header_type":"","csco_page_load_nextpost":"","csco_post_video_location":[],"csco_post_video_location_hash":"","csco_post_video_url":"","csco_post_video_bg_start_time":0,"csco_post_video_bg_end_time":0,"footnotes":""},"categories":[9670],"tags":[],"class_list":{"0":"post-83484","1":"post","2":"type-post","3":"status-publish","4":"format-standard","5":"has-post-thumbnail","7":"category-tv","8":"cs-entry","9":"cs-video-wrap"},"_links":{"self":[{"href":"https:\/\/mediarun.com\/pl\/wp-json\/wp\/v2\/posts\/83484","targetHints":{"allow":["GET"]}}],"collection":[{"href":"https:\/\/mediarun.com\/pl\/wp-json\/wp\/v2\/posts"}],"about":[{"href":"https:\/\/mediarun.com\/pl\/wp-json\/wp\/v2\/types\/post"}],"author":[{"embeddable":true,"href":"https:\/\/mediarun.com\/pl\/wp-json\/wp\/v2\/users\/1"}],"replies":[{"embeddable":true,"href":"https:\/\/mediarun.com\/pl\/wp-json\/wp\/v2\/comments?post=83484"}],"version-history":[{"count":0,"href":"https:\/\/mediarun.com\/pl\/wp-json\/wp\/v2\/posts\/83484\/revisions"}],"wp:featuredmedia":[{"embeddable":true,"href":"https:\/\/mediarun.com\/pl\/wp-json\/wp\/v2\/media\/83485"}],"wp:attachment":[{"href":"https:\/\/mediarun.com\/pl\/wp-json\/wp\/v2\/media?parent=83484"}],"wp:term":[{"taxonomy":"category","embeddable":true,"href":"https:\/\/mediarun.com\/pl\/wp-json\/wp\/v2\/categories?post=83484"},{"taxonomy":"post_tag","embeddable":true,"href":"https:\/\/mediarun.com\/pl\/wp-json\/wp\/v2\/tags?post=83484"}],"curies":[{"name":"wp","href":"https:\/\/api.w.org\/{rel}","templated":true}]}}