{"id":83483,"date":"2005-12-16T14:47:00","date_gmt":"2005-12-16T13:47:00","guid":{"rendered":"https:\/\/mediarun.com\/index.php\/news-posts\/rajd-dakar-2006-w-tvp\/"},"modified":"2005-12-16T14:47:00","modified_gmt":"2005-12-16T13:47:00","slug":"rajd-dakar-2006-w-tvp","status":"publish","type":"post","link":"https:\/\/mediarun.com\/pl\/media\/tv\/rajd-dakar-2006-w-tvp.html","title":{"rendered":"Rajd Dakar 2006 w TVP"},"content":{"rendered":"<p>Plan program\u00f3w i relacji TVP:<\/p>\n<p>1. Informacje o przygotowaniach kierowc\u00f3w i pojazd\u00f3w do rajdu przed dopuszczaj\u0105cym do startu badaniem technicznym &#8211; TVP1: 29 grudnia 2005 r. ok. godz. 16.00 i podobnie 30 grudnia 2005 (czas oprawy dnia) oraz w sportowych programach informacyjnych. <\/p>\n<p>2. Codzienne, 6 &#8211; minutowe kroniki rajdu &#8211; TVP1 ok. 23.00. Wyj\u0105tek: 31 grudnia 2005 &#8211; wej\u015bcie po &#8222;Wiadomo\u015bciach&#8221; o 19.56 oraz 1 stycznia 2006 &#8211; o 19.57. <\/p>\n<p>3. Program podsumowuj\u0105cy rajd &#8222;Kolorowa Karawana&#8221;. Najwa\u017cniejsze wydarzenia rajdu, zaplecze, koszty, wpadki organizator\u00f3w, udzia\u0142 Polak\u00f3w, pi\u0119kno Afryki. Emisja: TVP1 &#8211; 21 stycznia 2006. o 12.15 (czas 30 min.). Ponadto planowane jest podsumowanie zawod\u00f3w w programie &#8222;Kawa czy herbata&#8221; lub w oprawie dnia. <\/p>\n<p>4. Relacje zamieszczane b\u0119d\u0105 r\u00f3wnie\u017c w sportowych programach informacyjnych TVP2 i TVP3. <\/p>\n<p>Odpowiedzialny za projekt &#8222;Dakar 2006&#8221;: Marek Oblaci\u0144ski. Producent: Tamara Czy\u017c-Kasperek. Kierownik produkcji: Andrzej Kunze. <\/p>\n<p>Ekipa wyje\u017cd\u017caj\u0105ca: szef ekipy i reporter: Piotr Sobczy\u0144ski, reporter: Pawe\u0142 Paterek, operator kamery: Ireneusz B\u0105k (OTV Wroc\u0142aw). <\/p>\n<p>Ekipa obs\u0142uguj\u0105ca rajd w Warszawie: Jacek D\u0105browski, Rafa\u0142 Dar\u017cynkiewicz, Artur Kowalski, Piotr Gali\u0144ski, Jacek Jo\u0144ca.<\/p>\n","protected":false},"excerpt":{"rendered":"Rajd Dakar 2006 b\u0119dzie sz\u00f3st\u0105 edycj\u0105 tej imprezy obs\u0142ugiwan\u0105 przez TVP, g\u0142\u00f3wnie przez TVP1. Rajd rozpocznie si\u0119 31 grudnia 2005 roku, a zako\u0144czy 15 stycznia 2006. Tegoroczna trasa, jest jedn\u0105 z kr\u00f3tszych tras w historii rajdu. Uczestnicy Dakaru b\u0119d\u0105 mieli do przejechania niewiele ponad 9 tysi\u0119cy kilometr\u00f3w. Po 2 etapach w Portugalii i Hiszpanii, zawodnicy przenios\u0105 si\u0119 na kontynent afryka\u0144ski.","protected":false},"author":1,"featured_media":0,"comment_status":"open","ping_status":"closed","sticky":false,"template":"","format":"standard","meta":{"csco_display_header_overlay":false,"csco_singular_sidebar":"","csco_page_header_type":"","csco_page_load_nextpost":"","csco_post_video_location":[],"csco_post_video_location_hash":"","csco_post_video_url":"","csco_post_video_bg_start_time":0,"csco_post_video_bg_end_time":0,"footnotes":""},"categories":[9670],"tags":[],"class_list":{"0":"post-83483","1":"post","2":"type-post","3":"status-publish","4":"format-standard","6":"category-tv","7":"cs-entry","8":"cs-video-wrap"},"_links":{"self":[{"href":"https:\/\/mediarun.com\/pl\/wp-json\/wp\/v2\/posts\/83483","targetHints":{"allow":["GET"]}}],"collection":[{"href":"https:\/\/mediarun.com\/pl\/wp-json\/wp\/v2\/posts"}],"about":[{"href":"https:\/\/mediarun.com\/pl\/wp-json\/wp\/v2\/types\/post"}],"author":[{"embeddable":true,"href":"https:\/\/mediarun.com\/pl\/wp-json\/wp\/v2\/users\/1"}],"replies":[{"embeddable":true,"href":"https:\/\/mediarun.com\/pl\/wp-json\/wp\/v2\/comments?post=83483"}],"version-history":[{"count":0,"href":"https:\/\/mediarun.com\/pl\/wp-json\/wp\/v2\/posts\/83483\/revisions"}],"wp:attachment":[{"href":"https:\/\/mediarun.com\/pl\/wp-json\/wp\/v2\/media?parent=83483"}],"wp:term":[{"taxonomy":"category","embeddable":true,"href":"https:\/\/mediarun.com\/pl\/wp-json\/wp\/v2\/categories?post=83483"},{"taxonomy":"post_tag","embeddable":true,"href":"https:\/\/mediarun.com\/pl\/wp-json\/wp\/v2\/tags?post=83483"}],"curies":[{"name":"wp","href":"https:\/\/api.w.org\/{rel}","templated":true}]}}