{"id":83480,"date":"2005-12-16T14:51:28","date_gmt":"2005-12-16T13:51:28","guid":{"rendered":"https:\/\/mediarun.com\/index.php\/news-posts\/tvp-w-sprawie-abonamentu\/"},"modified":"2005-12-16T14:51:28","modified_gmt":"2005-12-16T13:51:28","slug":"tvp-w-sprawie-abonamentu","status":"publish","type":"post","link":"https:\/\/mediarun.com\/pl\/media\/tv\/tvp-w-sprawie-abonamentu.html","title":{"rendered":"TVP w sprawie abonamentu"},"content":{"rendered":"<p>Poczta Polska wystosowa\u0142a pisma do wspomnianych wy\u017cej os\u00f3b, wzywaj\u0105ce do z\u0142o\u017cenia formalnych o\u015bwiadcze\u0144 upowa\u017cniaj\u0105cych do korzystania ze zwolnie\u0144 od op\u0142at abonamentowych. W zwi\u0105zku z pojawiaj\u0105cymi si\u0119 w mediach sugestiami, \u017ce cz\u0119\u015bciow\u0105 win\u0119 za powsta\u0142e zamieszanie ponosi Telewizja Polska, kt\u00f3rej dzia\u0142alno\u015b\u0107 wsp\u00f3\u0142finansowana jest z abonamentu, informujemy, \u017ce TVP S.A. nie jest prawnie upowa\u017cniona do podejmowania tego typu dzia\u0142a\u0144, zatem nie mo\u017ce ponosi\u0107 odpowiedzialno\u015bci za tre\u015b\u0107, form\u0119 i tryb prowadzonych dzia\u0142a\u0144.<\/p>\n","protected":false},"excerpt":{"rendered":"Telewizja Polska S.A poinformowa\u0142a wszystkich swoich abonent\u00f3w, \u017ce nie jest inicjatorem ani pomys\u0142odawc\u0105 prowadzonych w ostatnim czasie przez Poczt\u0119 Polsk\u0105 dzia\u0142a\u0144 dotycz\u0105cych zwolnienia z op\u0142at abonamentowych za posiadanie odbiornik\u00f3w RTV os\u00f3b, kt\u00f3re uko\u0144czy\u0142y 75 rok \u017cycia, a tak\u017ce min. kombatant\u00f3w i inwalid\u00f3w.","protected":false},"author":1,"featured_media":0,"comment_status":"open","ping_status":"closed","sticky":false,"template":"","format":"standard","meta":{"csco_display_header_overlay":false,"csco_singular_sidebar":"","csco_page_header_type":"","csco_page_load_nextpost":"","csco_post_video_location":[],"csco_post_video_location_hash":"","csco_post_video_url":"","csco_post_video_bg_start_time":0,"csco_post_video_bg_end_time":0,"footnotes":""},"categories":[9670],"tags":[],"class_list":{"0":"post-83480","1":"post","2":"type-post","3":"status-publish","4":"format-standard","6":"category-tv","7":"cs-entry","8":"cs-video-wrap"},"_links":{"self":[{"href":"https:\/\/mediarun.com\/pl\/wp-json\/wp\/v2\/posts\/83480","targetHints":{"allow":["GET"]}}],"collection":[{"href":"https:\/\/mediarun.com\/pl\/wp-json\/wp\/v2\/posts"}],"about":[{"href":"https:\/\/mediarun.com\/pl\/wp-json\/wp\/v2\/types\/post"}],"author":[{"embeddable":true,"href":"https:\/\/mediarun.com\/pl\/wp-json\/wp\/v2\/users\/1"}],"replies":[{"embeddable":true,"href":"https:\/\/mediarun.com\/pl\/wp-json\/wp\/v2\/comments?post=83480"}],"version-history":[{"count":0,"href":"https:\/\/mediarun.com\/pl\/wp-json\/wp\/v2\/posts\/83480\/revisions"}],"wp:attachment":[{"href":"https:\/\/mediarun.com\/pl\/wp-json\/wp\/v2\/media?parent=83480"}],"wp:term":[{"taxonomy":"category","embeddable":true,"href":"https:\/\/mediarun.com\/pl\/wp-json\/wp\/v2\/categories?post=83480"},{"taxonomy":"post_tag","embeddable":true,"href":"https:\/\/mediarun.com\/pl\/wp-json\/wp\/v2\/tags?post=83480"}],"curies":[{"name":"wp","href":"https:\/\/api.w.org\/{rel}","templated":true}]}}