{"id":83479,"date":"2005-12-16T14:53:36","date_gmt":"2005-12-16T13:53:36","guid":{"rendered":"https:\/\/mediarun.com\/index.php\/news-posts\/jubileusz-magazynu-jazz-forum\/"},"modified":"2005-12-16T14:53:36","modified_gmt":"2005-12-16T13:53:36","slug":"jubileusz-magazynu-jazz-forum","status":"publish","type":"post","link":"https:\/\/mediarun.com\/pl\/wydarzenia\/jubileusz-magazynu-jazz-forum.html","title":{"rendered":"Jubileusz magazynu Jazz Forum"},"content":{"rendered":"<p>&#8222;G\u0142\u00f3wn\u0105 atrakcj\u0105 wieczoru by\u0142o wykonanie kompozycji Jaros\u0142awa \u015amietany >A Story of Polish Jazz< przez 13-osobowy big-band gwiazd i dw\u00f3ch raper\u00f3w Guzika i Bzyka opowiadaj\u0105cych dzieje polskiego jazzu od okresu tzw. katakumb w czasach stalinowskich, kiedy muzyka ta by\u0142a zakazana, a\u017c do wsp\u00f3\u0142czesno\u015bci, czyli czas\u00f3w Leszka Mo\u017cd\u017cera.\" - pisze Rzeczpospolita.\n\n\"W wersji koncertowej utw\u00f3r znacznie si\u0119 wyd\u0142u\u017cy\u0142, poniewa\u017c kilku solist\u00f3w orkiestry zagra\u0142o d\u0142ugie sol\u00f3wki z akompaniamentem sekcji rytmicznej. Saksofoni\u015bci >Dudu\u015b< Matuszkiewicz i Zbigniew Namys\u0142owski, a tak\u017ce graj\u0105cy na organach Hammonda Wojciech Karolak nawi\u0105zali do lat 50. i 60., a tr\u0119bacz Robert Majewski, skrzypek Krzesimir D\u0119bski i lider, gitarzysta Jaros\u0142aw \u015amietana zagrali ju\u017c w nowoczesnym stylu. Pi\u0119kne, liryczne nuty wydoby\u0142 z saksofonu Henryk Mi\u015bkiewicz.\" \n\n\"W pierwszej cz\u0119\u015bci koncertu wyst\u0105pi\u0142o nasze najlepsze, eksportowe Trio -Marcin Wasilewski\/S\u0142awomir Kurkiewicz\/Micha\u0142 Mi\u015bkiewicz. Nowe i stare czasy po\u0142\u0105czy\u0142 Tomasz Sta\u0144ko, graj\u0105c z Triem, z kt\u00f3rym tworzy w\u0142asny kwartet, ko\u0142ysank\u0119 Krzysztofa Komedy z filmu >Dziecko Rosemary<.\" - czytamy w Rzeczpospolitej.\n<\/p>\n","protected":false},"excerpt":{"rendered":"Plejada gwiazd polskiego jazzu z Tomaszem Sta\u0144k\u0105, Jerzym &#8222;Dudusiem&#8221; Matuszkiewiczem, Zbigniewem Namys\u0142owskim, Wojciechem Karolakiem i Jaros\u0142awem \u015amietan\u0105 wyst\u0105pi\u0142a w Studiu Koncertowym PR im. W. Lutos\u0142awskiego z okazji jubileuszu 40-lecia magazynu &#8222;Jazz Forum&#8221;.","protected":false},"author":1,"featured_media":0,"comment_status":"open","ping_status":"closed","sticky":false,"template":"","format":"standard","meta":{"csco_display_header_overlay":false,"csco_singular_sidebar":"","csco_page_header_type":"","csco_page_load_nextpost":"","csco_post_video_location":[],"csco_post_video_location_hash":"","csco_post_video_url":"","csco_post_video_bg_start_time":0,"csco_post_video_bg_end_time":0,"footnotes":""},"categories":[46],"tags":[],"class_list":{"0":"post-83479","1":"post","2":"type-post","3":"status-publish","4":"format-standard","6":"category-wydarzenia","7":"cs-entry","8":"cs-video-wrap"},"_links":{"self":[{"href":"https:\/\/mediarun.com\/pl\/wp-json\/wp\/v2\/posts\/83479","targetHints":{"allow":["GET"]}}],"collection":[{"href":"https:\/\/mediarun.com\/pl\/wp-json\/wp\/v2\/posts"}],"about":[{"href":"https:\/\/mediarun.com\/pl\/wp-json\/wp\/v2\/types\/post"}],"author":[{"embeddable":true,"href":"https:\/\/mediarun.com\/pl\/wp-json\/wp\/v2\/users\/1"}],"replies":[{"embeddable":true,"href":"https:\/\/mediarun.com\/pl\/wp-json\/wp\/v2\/comments?post=83479"}],"version-history":[{"count":0,"href":"https:\/\/mediarun.com\/pl\/wp-json\/wp\/v2\/posts\/83479\/revisions"}],"wp:attachment":[{"href":"https:\/\/mediarun.com\/pl\/wp-json\/wp\/v2\/media?parent=83479"}],"wp:term":[{"taxonomy":"category","embeddable":true,"href":"https:\/\/mediarun.com\/pl\/wp-json\/wp\/v2\/categories?post=83479"},{"taxonomy":"post_tag","embeddable":true,"href":"https:\/\/mediarun.com\/pl\/wp-json\/wp\/v2\/tags?post=83479"}],"curies":[{"name":"wp","href":"https:\/\/api.w.org\/{rel}","templated":true}]}}