{"id":83477,"date":"2005-12-16T15:09:14","date_gmt":"2005-12-16T14:09:14","guid":{"rendered":"https:\/\/mediarun.com\/index.php\/news-posts\/kto-sie-boi-zmian-w-krrit\/"},"modified":"2005-12-16T15:09:14","modified_gmt":"2005-12-16T14:09:14","slug":"kto-sie-boi-zmian-w-krrit","status":"publish","type":"post","link":"https:\/\/mediarun.com\/pl\/wydarzenia\/kto-sie-boi-zmian-w-krrit.html","title":{"rendered":"Kto si\u0119 boi zmian w KRRiT"},"content":{"rendered":"<p>&#8222;Wczoraj w GP pisali\u015bmy o przyspieszonym ko\u0144cu kadencji KRRiT, kt\u00f3ry niekoniecznie musi by\u0107 spowodowany zmianami w ustawie czy konstytucji. Wywo\u0142a\u0142o to dyskusje w \u015brodowisku medialnym na temat konsekwencji, jakie b\u0119dzie to mia\u0142o na rynku nadawc\u00f3w publicznych i prywatnych w Polsce.&#8221;<\/p>\n<p>&#8211; Nieprzyj\u0119cie sprawozdania Krajowej Rady mo\u017ce nast\u0105pi\u0107, je\u017celi nowelizacja ustawy o KRRiT op\u00f3\u017ani si\u0119 &#8211; przewiduje Andrzej Zar\u0119bski, specjalista od medi\u00f3w, szef rady nadzorczej Polskiego Operatora Telewizyjnego. <\/p>\n<p>&#8211; W takim przypadku jej nowy sk\u0142ad pozostanie nadal 9-osobowy. &#8211; Jak uczy do\u015bwiadczenie, nale\u017cy si\u0119 spodziewa\u0107, \u017ce b\u0119d\u0105 to osoby bli\u017csze ugrupowaniom, kt\u00f3re maj\u0105 wi\u0119kszo\u015b\u0107 parlamentarn\u0105. Pytanie brzmi, ilu w radzie znajdzie si\u0119 ludzi kompetentnych, a ilu zwyk\u0142ych polityk\u00f3w &#8211; m\u00f3wi Gazecie Prawnej A. Zar\u0119bski.<\/p>\n<p>&#8222;Podkre\u015blaj\u0105c jednocze\u015bnie \u017ce zmiany w KRRiT b\u0119d\u0105 mia\u0142y przede wszystkim wp\u0142yw na media publiczne i zaowocuje wyborem nowej rady nadzorczej i w konsekwencji nowego zarz\u0105du w telewizji i stacjach radiowych.&#8221;<\/p>\n<p>&#8222;Nadawcy prywatni podchodz\u0105 do zmian w Krajowej Radzie z du\u017cym spokojem. &#8211; Nie s\u0105dz\u0119, aby kt\u00f3rykolwiek nadawca lub podmiot funkcjonuj\u0105cy na rynku medi\u00f3w prywatnych k\u0142ad\u0142 si\u0119 spa\u0107 z my\u015bl\u0105 o przysz\u0142ej liczbie cz\u0142onk\u00f3w Krajowej Rady, gdy\u017c ma to dla nas wt\u00f3rne znaczenie. Natomiast mniejszy sk\u0142ad osobowy tej instytucji wi\u0105\u017ce si\u0119 z ryzykiem powstania monopolu wizji i koncepcji rozwoju rynku medialnego &#8211; uwa\u017ca Kazimierz Gr\u00f3dek, prezes RMF FM.&#8221;<\/p>\n<p>By\u0142y przewodnicz\u0105cy KRRiT, Juliusz Braun w rozmowie z Gazet\u0105 Prawn\u0105 powiedzia\u0142, \u017ce to, jaki b\u0119dzie wp\u0142yw na rynek medi\u00f3w zwi\u0105zany ze zmianami w tej instytucji, b\u0119dzie zale\u017ca\u0142o od os\u00f3b, kt\u00f3re trafi\u0105 do Rady. Podkre\u015bla, \u017ce proponowane zmiany zmierzaj\u0105 w kierunku utworzenia jednego regulatora rynku medi\u00f3w, a tego typu prace by\u0142y rozpocz\u0119te jeszcze za kadencji J. Brauna. &#8211; Dla ca\u0142ego rynku wa\u017cne jest to, aby w spos\u00f3b racjonalny wprowadzi\u0107 nowy system regulacji &#8211; t\u0142umaczy Gazecie Prawnej.<\/p>\n<p>Reorganizacja KRRiT niew\u0105tpliwie mo\u017ce mie\u0107 wp\u0142yw na prace zwi\u0105zane z wprowadzaniem cyfryzacji w Polsce. Tego rodzaju przedsi\u0119wzi\u0119cie mo\u017ce zosta\u0107 bowiem op\u00f3\u017anione. J. Braun wyja\u015bnia, \u017ce kilka lat temu, gdy przekszta\u0142cano Urz\u0105d Regulacji Telekomunikacji w Urz\u0105d Regulacji Telekomunikacji i Poczty pojawi\u0142y si\u0119 w\u0142a\u015bnie takie problemy zwi\u0105zane z zakresem prac tego urz\u0119du.<br \/>\n&#8211; Oczywi\u015bcie nie oznacza to, \u017ce b\u0119dzie tak w przypadku reorganizacji KRRiT &#8211; dodaje.<\/p>\n<p>&#8222;Jaros\u0142aw Sellin, sekretarz stanu w Ministerstwie Kultury i Dziedzictwa Narodowego, jest przekonany, \u017ce reorganizacja KRRiT b\u0119dzie mia\u0142a pozytywne prze\u0142o\u017cenie na funkcjonowanie rynku medi\u00f3w w Polsce. Natomiast kwestie zwi\u0105zane z cyfryzacj\u0105 telewizji zostan\u0105 dzi\u0119ki temu przy\u015bpieszone.&#8221; &#8211; pisze Gazeta Prawna.<\/p>\n<p>&#8211; Obecnie wszystkie problemy medi\u00f3w elektronicznych i te zwi\u0105zane z cyfryzacj\u0105 polegaj\u0105 na tym, \u017ce jest nieprecyzyjny rozdzia\u0142 kompetencji mi\u0119dzy KRRiT a URTiP. Nowelizacja ustawy o rtv zaproponowana przez PiS rozwi\u0105za\u0142aby t\u0119 kwesti\u0119 &#8211; stwierdza. J. Sellin. <\/p>\n<p>&#8222;Podkre\u015bla, \u017ce b\u0119dzie mo\u017cna \u0142atwiej dowiadywa\u0107 si\u0119, jakie s\u0105 mo\u017cliwo\u015bci techniczne, je\u015bli chodzi o cyfryzacj\u0119. Natomiast Krajowa Rada b\u0119dzie mog\u0142a bardziej skupi\u0107 si\u0119 na podejmowaniu decyzji programowych dotycz\u0105cych tego, kto w tych przestrzeniach cyfrowych ma si\u0119 znale\u017a\u0107 w pierwszej, a kto w drugiej kolejno\u015bci.&#8221; <\/p>\n<p>&#8211; Proponowane zmiany znacznie u\u0142atwi\u0105 to dzia\u0142anie &#8211; dodaje. J. Sellin.<br \/>\nWyja\u015bnia, \u017ce URTiP i KRRiT od lat pilnuj\u0105 swoich baz danych dotycz\u0105cych technicznych mo\u017cliwo\u015bci w radiu i telewizji w Polsce, i nie wymieniaj\u0105 si\u0119 nimi ze sob\u0105. <\/p>\n<p>&#8211; To jest absurd, kt\u00f3ry chcemy przeci\u0105\u0107. W jednym miejscu musi by\u0107 technika, a w drugim program &#8211; dodaje.<\/p>\n<p>&#8211; Obecna KRRiT jest w trakcie zaawansowanego procesu regulacyjnego zwi\u0105zanego z uruchomieniem naziemnej telewizji cyfrowej. S\u0105 ju\u017c projekty rozporz\u0105dze\u0144 i regulaminy konkurs\u00f3w. Jednoczenie nowelizacja ustawy przygotowana przez PiS odbiera KRRiT kompetencje do rozstrzygania tej kwestii, co mo\u017ce mie\u0107 wp\u0142yw na proces przeprowadzania tej operacji &#8211; powiedzia\u0142 &#8222;GP&#8221; A. Zar\u0119bski.<\/p>\n","protected":false},"excerpt":{"rendered":"Przedwczesne zmiany w sk\u0142adzie osobowym KRRiT b\u0119d\u0105 mia\u0142y niewielki wp\u0142yw na funkcjonowanie nadawc\u00f3w prywatnych. Powa\u017cne obawy mog\u0105 mie\u0107 natomiast zarz\u0105dcy medi\u00f3w publicznych, dla kt\u00f3rych zmiany oznaczaj\u0105 utrat\u0119 stanowisk. Czy majsterkowanie przy ustawie o rtv nie op\u00f3\u017ani jednak cyfryzacji polskich medi\u00f3w?&#8221; &#8211; zastanawia si\u0119 Gazeta Prawna.","protected":false},"author":1,"featured_media":0,"comment_status":"open","ping_status":"closed","sticky":false,"template":"","format":"standard","meta":{"csco_display_header_overlay":false,"csco_singular_sidebar":"","csco_page_header_type":"","csco_page_load_nextpost":"","csco_post_video_location":[],"csco_post_video_location_hash":"","csco_post_video_url":"","csco_post_video_bg_start_time":0,"csco_post_video_bg_end_time":0,"footnotes":""},"categories":[46],"tags":[],"class_list":{"0":"post-83477","1":"post","2":"type-post","3":"status-publish","4":"format-standard","6":"category-wydarzenia","7":"cs-entry","8":"cs-video-wrap"},"_links":{"self":[{"href":"https:\/\/mediarun.com\/pl\/wp-json\/wp\/v2\/posts\/83477","targetHints":{"allow":["GET"]}}],"collection":[{"href":"https:\/\/mediarun.com\/pl\/wp-json\/wp\/v2\/posts"}],"about":[{"href":"https:\/\/mediarun.com\/pl\/wp-json\/wp\/v2\/types\/post"}],"author":[{"embeddable":true,"href":"https:\/\/mediarun.com\/pl\/wp-json\/wp\/v2\/users\/1"}],"replies":[{"embeddable":true,"href":"https:\/\/mediarun.com\/pl\/wp-json\/wp\/v2\/comments?post=83477"}],"version-history":[{"count":0,"href":"https:\/\/mediarun.com\/pl\/wp-json\/wp\/v2\/posts\/83477\/revisions"}],"wp:attachment":[{"href":"https:\/\/mediarun.com\/pl\/wp-json\/wp\/v2\/media?parent=83477"}],"wp:term":[{"taxonomy":"category","embeddable":true,"href":"https:\/\/mediarun.com\/pl\/wp-json\/wp\/v2\/categories?post=83477"},{"taxonomy":"post_tag","embeddable":true,"href":"https:\/\/mediarun.com\/pl\/wp-json\/wp\/v2\/tags?post=83477"}],"curies":[{"name":"wp","href":"https:\/\/api.w.org\/{rel}","templated":true}]}}