{"id":83461,"date":"2005-12-16T17:31:30","date_gmt":"2005-12-16T16:31:30","guid":{"rendered":"https:\/\/mediarun.com\/index.php\/news-posts\/zmiany-personalne-w-fakcie\/"},"modified":"2005-12-16T17:31:30","modified_gmt":"2005-12-16T16:31:30","slug":"zmiany-personalne-w-fakcie","status":"publish","type":"post","link":"https:\/\/mediarun.com\/pl\/media\/prasa\/zmiany-personalne-w-fakcie.html","title":{"rendered":"Zmiany personalne w &#8222;Fakcie&#8221;"},"content":{"rendered":"<p>Marta Stremecka, dotychczas zast\u0119pca redaktora naczelnego, zostanie pierwszym zast\u0119pc\u0105, obok sprawuj\u0105cego t\u0119 funkcj\u0119 Tomasza Kontka. Nowymi zast\u0119pcami Grzegorza Jankowskiego zostan\u0105 tak\u017ce S\u0142awomir Jastrz\u0119bowski, dotychczasowy szef dzia\u0142u Kraj, Piotr Bugajski, do tej pory szef dzia\u0142u Polityka, oraz Jacek Adamczyk, kt\u00f3ry dotychczas kierowa\u0142 dzia\u0142em sportowym.<\/p>\n<p>Dzia\u0142y Kraj i Wydarzenia zostan\u0105 po\u0142\u0105czone, a szefem po\u0142\u0105czonego dzia\u0142u b\u0119dzie Hubert Biskupski. Wiktor \u015awietlik zostanie szefem dzia\u0142u Opinie.<\/p>\n","protected":false},"excerpt":{"rendered":"W sobot\u0119 nast\u0105pi\u0105 zmiany personalne w kierownictwie dziennika &#8222;Fakt&#8221;. Z redakcji odchodz\u0105 dotychczasowi zast\u0119pcy redaktora naczelnego: &#8211; Marta Bratkowska i Robert Krakowski oraz szef dzia\u0142u Opinie Konrad Ko\u0142odziejski, kt\u00f3ry od tej pory b\u0119d\u0105 zajmowa\u0107 si\u0119 innymi projektami w ramach wydawnictwa Axel Springer Polska.","protected":false},"author":1,"featured_media":83462,"comment_status":"open","ping_status":"closed","sticky":false,"template":"","format":"standard","meta":{"csco_display_header_overlay":false,"csco_singular_sidebar":"","csco_page_header_type":"","csco_page_load_nextpost":"","csco_post_video_location":[],"csco_post_video_location_hash":"","csco_post_video_url":"","csco_post_video_bg_start_time":0,"csco_post_video_bg_end_time":0,"footnotes":""},"categories":[9673],"tags":[],"class_list":{"0":"post-83461","1":"post","2":"type-post","3":"status-publish","4":"format-standard","5":"has-post-thumbnail","7":"category-prasa","8":"cs-entry","9":"cs-video-wrap"},"_links":{"self":[{"href":"https:\/\/mediarun.com\/pl\/wp-json\/wp\/v2\/posts\/83461","targetHints":{"allow":["GET"]}}],"collection":[{"href":"https:\/\/mediarun.com\/pl\/wp-json\/wp\/v2\/posts"}],"about":[{"href":"https:\/\/mediarun.com\/pl\/wp-json\/wp\/v2\/types\/post"}],"author":[{"embeddable":true,"href":"https:\/\/mediarun.com\/pl\/wp-json\/wp\/v2\/users\/1"}],"replies":[{"embeddable":true,"href":"https:\/\/mediarun.com\/pl\/wp-json\/wp\/v2\/comments?post=83461"}],"version-history":[{"count":0,"href":"https:\/\/mediarun.com\/pl\/wp-json\/wp\/v2\/posts\/83461\/revisions"}],"wp:featuredmedia":[{"embeddable":true,"href":"https:\/\/mediarun.com\/pl\/wp-json\/wp\/v2\/media\/83462"}],"wp:attachment":[{"href":"https:\/\/mediarun.com\/pl\/wp-json\/wp\/v2\/media?parent=83461"}],"wp:term":[{"taxonomy":"category","embeddable":true,"href":"https:\/\/mediarun.com\/pl\/wp-json\/wp\/v2\/categories?post=83461"},{"taxonomy":"post_tag","embeddable":true,"href":"https:\/\/mediarun.com\/pl\/wp-json\/wp\/v2\/tags?post=83461"}],"curies":[{"name":"wp","href":"https:\/\/api.w.org\/{rel}","templated":true}]}}