{"id":83458,"date":"2005-12-16T18:03:46","date_gmt":"2005-12-16T17:03:46","guid":{"rendered":"https:\/\/mediarun.com\/index.php\/news-posts\/sylwestrowa-rewia-w-jedynce\/"},"modified":"2005-12-16T18:03:46","modified_gmt":"2005-12-16T17:03:46","slug":"sylwestrowa-rewia-w-jedynce","status":"publish","type":"post","link":"https:\/\/mediarun.com\/pl\/media\/tv\/sylwestrowa-rewia-w-jedynce.html","title":{"rendered":"&#8222;Sylwestrowa rewia&#8221; w Jedynce"},"content":{"rendered":"<p>W &#8222;Sylwestrowej rewii&#8221;, kt\u00f3ra rozpocznie si\u0119 o godzinie 22.05, Maciej Male\u0144czuk za\u015bpiewa &#8222;I nie p\u0142acz, kiedy odjad\u0119&#8221; Marino Mariniego, Kayah &#8211; utw\u00f3r &#8222;One way ticket&#8221; zespo\u0142u Eruption, zesp\u00f3\u0142 Zakopawer &#8211; &#8222;We are the champions&#8221; zespo\u0142u Queen, Krzysztof Kilja\u0144ski &#8211; utw\u00f3r Toma Jonesa &#8222;Sex bomb&#8221; a Edyta G\u00f3rniak &#8211; piosenk\u0119 Sandry &#8222;Maria Magdalena&#8221;. <\/p>\n<p>W programie pojawi\u0105 si\u0119 r\u00f3wnie\u017c duety i tercety: m.in. Anna Dereszowska i Krzysztof Kilja\u0144ski za\u015bpiewaj\u0105 &#8222;Je t&#8217;aime moi non plus&#8221;. Kora z Paw\u0142em Del\u0105giem wykonaj\u0105 piosenk\u0119 &#8222;Paroles, paroles&#8221;. Tercet Janusz J\u00f3zefowicz, Maciej Male\u0144czuk i Zbigniew Wodecki za\u015bpiewa utw\u00f3r Bee Gees &#8222;Stayin&#8217; alive&#8221;. <\/p>\n<p>Go\u015b\u0107mi specjalnymi &#8222;Sylwestrowej rewii&#8221; b\u0119d\u0105 Wojciech Mann i Krzysztof Materna oraz Robert G\u00f3rski z Kabaretu Moralnego Niepokoju.<\/p>\n<p>W rewii we\u017amie udzia\u0142 zesp\u00f3\u0142 Studia Buffo, girlsy i tancerze. Gra\u0107 b\u0119dzie orkiestra Tomasza Filipczaka. Autorem scenografii jest Marek Chowaniec a kostiumy przygotowali Magdalena Tes\u0142awska i Pawe\u0142 Grabarczyk.<\/p>\n","protected":false},"excerpt":{"rendered":"Telewizyjna Jedynka przygotowa\u0142a na sylwestra rewi\u0119 &#8211; w re\u017cyserii, choreografii i wed\u0142ug scenariusza Janusza J\u00f3zefowicza. Program poprowadzi Tomasz Kammel w towarzystwie Nataszy Urba\u0144skiej. W prawie dwugodzinnym przedstawieniu gwiazdy polskiej estrady \u015bpiewa\u0107 b\u0119d\u0105 muzyczne szlagiery.","protected":false},"author":1,"featured_media":83459,"comment_status":"open","ping_status":"closed","sticky":false,"template":"","format":"standard","meta":{"csco_display_header_overlay":false,"csco_singular_sidebar":"","csco_page_header_type":"","csco_page_load_nextpost":"","csco_post_video_location":[],"csco_post_video_location_hash":"","csco_post_video_url":"","csco_post_video_bg_start_time":0,"csco_post_video_bg_end_time":0,"footnotes":""},"categories":[9670],"tags":[],"class_list":{"0":"post-83458","1":"post","2":"type-post","3":"status-publish","4":"format-standard","5":"has-post-thumbnail","7":"category-tv","8":"cs-entry","9":"cs-video-wrap"},"_links":{"self":[{"href":"https:\/\/mediarun.com\/pl\/wp-json\/wp\/v2\/posts\/83458","targetHints":{"allow":["GET"]}}],"collection":[{"href":"https:\/\/mediarun.com\/pl\/wp-json\/wp\/v2\/posts"}],"about":[{"href":"https:\/\/mediarun.com\/pl\/wp-json\/wp\/v2\/types\/post"}],"author":[{"embeddable":true,"href":"https:\/\/mediarun.com\/pl\/wp-json\/wp\/v2\/users\/1"}],"replies":[{"embeddable":true,"href":"https:\/\/mediarun.com\/pl\/wp-json\/wp\/v2\/comments?post=83458"}],"version-history":[{"count":0,"href":"https:\/\/mediarun.com\/pl\/wp-json\/wp\/v2\/posts\/83458\/revisions"}],"wp:featuredmedia":[{"embeddable":true,"href":"https:\/\/mediarun.com\/pl\/wp-json\/wp\/v2\/media\/83459"}],"wp:attachment":[{"href":"https:\/\/mediarun.com\/pl\/wp-json\/wp\/v2\/media?parent=83458"}],"wp:term":[{"taxonomy":"category","embeddable":true,"href":"https:\/\/mediarun.com\/pl\/wp-json\/wp\/v2\/categories?post=83458"},{"taxonomy":"post_tag","embeddable":true,"href":"https:\/\/mediarun.com\/pl\/wp-json\/wp\/v2\/tags?post=83458"}],"curies":[{"name":"wp","href":"https:\/\/api.w.org\/{rel}","templated":true}]}}