{"id":83455,"date":"2005-12-16T20:38:52","date_gmt":"2005-12-16T19:38:52","guid":{"rendered":"https:\/\/mediarun.com\/index.php\/news-posts\/krrit-bedzie-liczyla-5-czlonkow\/"},"modified":"2005-12-16T20:38:52","modified_gmt":"2005-12-16T19:38:52","slug":"krrit-bedzie-liczyla-5-czlonkow","status":"publish","type":"post","link":"https:\/\/mediarun.com\/pl\/media\/tv\/krrit-bedzie-liczyla-5-czlonkow.html","title":{"rendered":"KRRiT b\u0119dzie liczy\u0142a 5 cz\u0142onk\u00f3w"},"content":{"rendered":"<p>Zgodnie z nowelizacj\u0105 ustawy, po 2 cz\u0142onk\u00f3w KRRiT powo\u0142ywa\u0107 b\u0119dzie Sejm i prezydent, a 1 &#8211; Senat.<\/p>\n<p>Kadencja obecnej, licz\u0105cej 9 cz\u0142onk\u00f3w, KRRiT zako\u0144czy si\u0119 w dniu publikacji nowej ustawy w Dzienniku Ustaw. Od tego samego dnia Sejm, Senat i prezydent b\u0119d\u0105 mieli prawo powo\u0142a\u0107 nowych cz\u0142onk\u00f3w Rady. Ich kadencja b\u0119dzie trwa\u0142a sze\u015b\u0107 lat. Przewodnicz\u0105cego KRRiT ma powo\u0142ywa\u0107 i odwo\u0142ywa\u0107 prezydent spo\u015br\u00f3d cz\u0142onk\u00f3w Rady.<\/p>\n<p>Nowelizacja przewiduje te\u017c, \u017ce zostanie zlikwidowany Urz\u0105d Regulacji Telekomunikacji i Poczty. W jego miejsce powstanie Urz\u0105d Komunikacji Elektronicznej, kt\u00f3ry przejmie cz\u0119\u015b\u0107 uprawnie\u0144 Krajowej Rady.<\/p>\n<p>Nowelizacja daje tak\u017ce pierwsze\u0144stwo nadawcom spo\u0142ecznym przy ponownym ubieganiu si\u0119 o koncesj\u0119. Z takiego statusu korzysta w Polsce mi\u0119dzy innymi Radio Maryja.<\/p>\n","protected":false},"excerpt":{"rendered":"Krajowa Rada Radiofonii i Telewizji b\u0119dzie liczy\u0142a 5, zamiast 9 os\u00f3b &#8211; zdecydowa\u0142 Sejm nowelizuj\u0105c ustaw\u0119 medialn\u0105. Za g\u0142osowa\u0142o 236 pos\u0142\u00f3w, przeciwko 179, a 2 wstrzyma\u0142o si\u0119 od g\u0142osu. Nowelizacj\u0119 ustawy poparli pos\u0142owie PiS, Samoobrony i LPR. Natomiast pos\u0142owie PO, SLD i PSL byli przeciwko.","protected":false},"author":1,"featured_media":83456,"comment_status":"open","ping_status":"closed","sticky":false,"template":"","format":"standard","meta":{"csco_display_header_overlay":false,"csco_singular_sidebar":"","csco_page_header_type":"","csco_page_load_nextpost":"","csco_post_video_location":[],"csco_post_video_location_hash":"","csco_post_video_url":"","csco_post_video_bg_start_time":0,"csco_post_video_bg_end_time":0,"footnotes":""},"categories":[9670],"tags":[],"class_list":{"0":"post-83455","1":"post","2":"type-post","3":"status-publish","4":"format-standard","5":"has-post-thumbnail","7":"category-tv","8":"cs-entry","9":"cs-video-wrap"},"_links":{"self":[{"href":"https:\/\/mediarun.com\/pl\/wp-json\/wp\/v2\/posts\/83455","targetHints":{"allow":["GET"]}}],"collection":[{"href":"https:\/\/mediarun.com\/pl\/wp-json\/wp\/v2\/posts"}],"about":[{"href":"https:\/\/mediarun.com\/pl\/wp-json\/wp\/v2\/types\/post"}],"author":[{"embeddable":true,"href":"https:\/\/mediarun.com\/pl\/wp-json\/wp\/v2\/users\/1"}],"replies":[{"embeddable":true,"href":"https:\/\/mediarun.com\/pl\/wp-json\/wp\/v2\/comments?post=83455"}],"version-history":[{"count":0,"href":"https:\/\/mediarun.com\/pl\/wp-json\/wp\/v2\/posts\/83455\/revisions"}],"wp:featuredmedia":[{"embeddable":true,"href":"https:\/\/mediarun.com\/pl\/wp-json\/wp\/v2\/media\/83456"}],"wp:attachment":[{"href":"https:\/\/mediarun.com\/pl\/wp-json\/wp\/v2\/media?parent=83455"}],"wp:term":[{"taxonomy":"category","embeddable":true,"href":"https:\/\/mediarun.com\/pl\/wp-json\/wp\/v2\/categories?post=83455"},{"taxonomy":"post_tag","embeddable":true,"href":"https:\/\/mediarun.com\/pl\/wp-json\/wp\/v2\/tags?post=83455"}],"curies":[{"name":"wp","href":"https:\/\/api.w.org\/{rel}","templated":true}]}}