{"id":83450,"date":"2005-12-17T11:43:22","date_gmt":"2005-12-17T10:43:22","guid":{"rendered":"https:\/\/mediarun.com\/index.php\/news-posts\/oda-do-radosci-w-rotterdamie\/"},"modified":"2005-12-17T11:43:22","modified_gmt":"2005-12-17T10:43:22","slug":"oda-do-radosci-w-rotterdamie","status":"publish","type":"post","link":"https:\/\/mediarun.com\/pl\/media\/tv\/oda-do-radosci-w-rotterdamie.html","title":{"rendered":"Oda do rado\u015bci w Rotterdamie"},"content":{"rendered":"<p>Festiwal, w kt\u00f3rym co roku bior\u0105 udzia\u0142 najwa\u017cniejsi producenci, redaktorzy, dystrybutorzy \u015bwiatowego kina, odb\u0119dzie si\u0119 w dniach 25 stycznia &#8211; 5 lutego 2006 r. W konkursie &#8222;Tygrysa&#8221; prezentowanych jest 15 pierwszych lub drugich film\u00f3w re\u017cyser\u00f3w z ca\u0142ego \u015bwiata, trzy z nich nagradzane s\u0105 r\u00f3wnorz\u0119dnymi Nagrodami Tygrysa. <\/p>\n<p>&#8222;Oda do rado\u015bci&#8221; jest jednym z pierwszych film\u00f3w wyselekcjonowanych w tym roku. Obok filmu polskiego, w konkursie prezentowane b\u0119d\u0105 jeszcze m.in. holenderski Northern Light Davida Lammersa, chi\u0144ski Walking on the Wild Side Hana Jie, hiszpa\u0144ski The Legend of Time Isaki Lacuesta, czy angielski Song of Songs Josha Appignanesi. <\/p>\n<p>Nagrodzona Nagrod\u0105 Specjaln\u0105 Jury na tegorocznym Festiwalu Film\u00f3w Polskich w Gdyni, &#8222;Oda do rado\u015bci&#8221; to obraz sk\u0142adaj\u0105cy si\u0119 z trzech opowie\u015bci prezentuj\u0105cych m\u0142odych ludzi, \u017cyj\u0105cych w r\u00f3\u017cnych cz\u0119\u015bciach Polski: na \u015al\u0105sku, w Warszawie i na Pomorzu. <\/p>\n<p>Sami re\u017cyserzy m\u00f3wi\u0105: [&#8230;] po\u0142\u0105czy\u0142 nas nie tylko jeden &#8222;rocznik&#8221; na studiach re\u017cyserskich w \u0142\u00f3dzkiej film\u00f3wce, ale tak\u017ce potrzeba zrobienia filmu o naszym pokoleniu, naszych aspiracjach, warto\u015bciach i wszystkim tym, co ko\u0144czy si\u0119 jedn\u0105 konstatacj\u0105, \u017ce nasz kraj wyrzuca m\u0142odych ludzi poza swoje granice. W naszym filmie chcemy si\u0119 zastanowi\u0107 nad motywacjami ludzi, kt\u00f3rzy postanawiaj\u0105 wyjecha\u0107 z Polski. [&#8230;] Bohaterami naszych historii s\u0105 m\u0142odzi z r\u00f3\u017cnych \u015brodowisk i region\u00f3w. Ich losy splataj\u0105 si\u0119 w jednym miejscu &#8211; autobusie do Londynu. Chcemy spr\u00f3bowa\u0107 opisa\u0107 to, co w polskim filmie pozostaje wci\u0105\u017c nieopisane &#8211; dzisiejsz\u0105 sytuacj\u0119 naszego pokolenia. Brak perspektyw i oparcia w rodzicach, kt\u00f3rzy padaj\u0105 ofiar\u0105 &#8222;kapitalizmu po polsku&#8221;, powoduje ch\u0119\u0107 ucieczki do lepszego \u015bwiata. [..]Mimo rozczarowa\u0144 nie chcemy jeszcze st\u0105d ucieka\u0107. Wierzymy, \u017ce uda si\u0119 co\u015b zmieni\u0107. Dlatego o wszystkim tym, co nas boli i denerwuje chcemy krzycze\u0107, przypomina\u0107, przestrzega\u0107, nie dawa\u0107 spokoju! Ale te\u017c patrze\u0107 na nas samych z dystansem, z przymru\u017ceniem oka i, co dla nas najwa\u017cniejsze: PRAWDZIWIE, AUTENTYCZNIE. <\/p>\n<p>Pokazy &#8222;Ody do rado\u015bci&#8221; w konkursie festiwalu w Rotterdamie b\u0119d\u0105 mi\u0119dzynarodow\u0105 premier\u0105 filmu.<\/p>\n","protected":false},"excerpt":{"rendered":"Wsp\u00f3\u0142produkowany przez Telewizj\u0119 Polsk\u0105 film w re\u017cyserii student\u00f3w \u0142\u00f3dzkiej szko\u0142y filmowej: Anny Kazejak-Dawid, Jana Komasy, Macieja Migasa &#8222;Oda do rado\u015bci&#8221;, jako pierwszy polski film w historii, we\u017amie udzia\u0142 w konkursie &#8222;Tygrysa&#8221; na 35. Mi\u0119dzynarodowym Festiwalu Filmowym w Rotterdamie.","protected":false},"author":1,"featured_media":0,"comment_status":"open","ping_status":"closed","sticky":false,"template":"","format":"standard","meta":{"csco_display_header_overlay":false,"csco_singular_sidebar":"","csco_page_header_type":"","csco_page_load_nextpost":"","csco_post_video_location":[],"csco_post_video_location_hash":"","csco_post_video_url":"","csco_post_video_bg_start_time":0,"csco_post_video_bg_end_time":0,"footnotes":""},"categories":[9670],"tags":[],"class_list":{"0":"post-83450","1":"post","2":"type-post","3":"status-publish","4":"format-standard","6":"category-tv","7":"cs-entry","8":"cs-video-wrap"},"_links":{"self":[{"href":"https:\/\/mediarun.com\/pl\/wp-json\/wp\/v2\/posts\/83450","targetHints":{"allow":["GET"]}}],"collection":[{"href":"https:\/\/mediarun.com\/pl\/wp-json\/wp\/v2\/posts"}],"about":[{"href":"https:\/\/mediarun.com\/pl\/wp-json\/wp\/v2\/types\/post"}],"author":[{"embeddable":true,"href":"https:\/\/mediarun.com\/pl\/wp-json\/wp\/v2\/users\/1"}],"replies":[{"embeddable":true,"href":"https:\/\/mediarun.com\/pl\/wp-json\/wp\/v2\/comments?post=83450"}],"version-history":[{"count":0,"href":"https:\/\/mediarun.com\/pl\/wp-json\/wp\/v2\/posts\/83450\/revisions"}],"wp:attachment":[{"href":"https:\/\/mediarun.com\/pl\/wp-json\/wp\/v2\/media?parent=83450"}],"wp:term":[{"taxonomy":"category","embeddable":true,"href":"https:\/\/mediarun.com\/pl\/wp-json\/wp\/v2\/categories?post=83450"},{"taxonomy":"post_tag","embeddable":true,"href":"https:\/\/mediarun.com\/pl\/wp-json\/wp\/v2\/tags?post=83450"}],"curies":[{"name":"wp","href":"https:\/\/api.w.org\/{rel}","templated":true}]}}