{"id":83440,"date":"2005-12-18T13:50:55","date_gmt":"2005-12-18T12:50:55","guid":{"rendered":"https:\/\/mediarun.com\/index.php\/news-posts\/z-ustawa-do-trybunalu\/"},"modified":"2005-12-18T13:50:55","modified_gmt":"2005-12-18T12:50:55","slug":"z-ustawa-do-trybunalu","status":"publish","type":"post","link":"https:\/\/mediarun.com\/pl\/media\/tv\/z-ustawa-do-trybunalu.html","title":{"rendered":"Z ustaw\u0105 do Trybuna\u0142u?"},"content":{"rendered":"<p>&#8211; Jest to sytuacja gorsz\u0105ca i na go\u0142e oko wymagaj\u0105ca zaskar\u017cenia do Trybuna\u0142u Konstytucyjnego. Zaskar\u017cenie powinno by\u0107 skuteczne &#8211; m\u00f3wi\u0142 dzi\u015b w programie &#8222;Si\u00f3dmy Dzie\u0144 Tygodnia&#8221; na antenie Radia Zet Dariusz Szymczycha, minister z kancelarii prezydenta. <\/p>\n<p>Chodzi m.in. o zapis, \u017ce tzw. media spo\u0142eczne, np. Radio Maryja, maj\u0105 dostawa\u0107 automatyczn\u0105 zgod\u0119 na przed\u0142u\u017cenie koncesji. Zdaniem Szymczychy to nier\u00f3wnoprawno\u015b\u0107 podmiot\u00f3w gospodarczych.<\/p>\n<p>Czy Platforma Obywatelska zaskar\u017cy t\u0105 ustaw\u0119? &#8211; pyta\u0142a dzi\u015b w Radiu Zet Monika Olejnik Jana Rokit\u0119. &#8211; Nie wykluczam takiej mo\u017cliwo\u015bci &#8211; odpowiedzia\u0142 lider Platformy Obywatelskiej.<\/p>\n<p>&#8211; Jestem przekonany, \u017ce wi\u0119kszo\u015b\u0107 medi\u00f3w b\u0119dzie usatysfakcjonowana i w poniedzia\u0142ek na moje r\u0119ce wp\u0142yn\u0105 podzi\u0119kowania od wszystkich medi\u00f3w, r\u00f3wnie\u017c prywatnych za poprawk\u0119, kt\u00f3r\u0105 \u017ce\u015bmy w tej sprawie zg\u0142osili &#8211; m\u00f3wi\u0142 w niedziel\u0119 w Radiu Zet Roman Giertych z Ligii Polskich Rodzin. &#8211; Oczekuje takiego podzi\u0119kowania &#8211; doda\u0142 p\u00f3\u017aniej.<\/p>\n","protected":false},"excerpt":{"rendered":"Czy znowelizowana ustawa medialna nadaje si\u0119 do zaskar\u017cenia przed Trybuna\u0142em Konstytucyjnym? W\u0105tpliwo\u015bci, co do tego nie ma Dariusz Szymczycha z kancelarii prezydenta. Skierowania jej do Trybuna\u0142u nie wyklucza Jan Rokita z Platformy Obywatelskiej.","protected":false},"author":1,"featured_media":0,"comment_status":"open","ping_status":"closed","sticky":false,"template":"","format":"standard","meta":{"csco_display_header_overlay":false,"csco_singular_sidebar":"","csco_page_header_type":"","csco_page_load_nextpost":"","csco_post_video_location":[],"csco_post_video_location_hash":"","csco_post_video_url":"","csco_post_video_bg_start_time":0,"csco_post_video_bg_end_time":0,"footnotes":""},"categories":[9670],"tags":[],"class_list":{"0":"post-83440","1":"post","2":"type-post","3":"status-publish","4":"format-standard","6":"category-tv","7":"cs-entry","8":"cs-video-wrap"},"_links":{"self":[{"href":"https:\/\/mediarun.com\/pl\/wp-json\/wp\/v2\/posts\/83440","targetHints":{"allow":["GET"]}}],"collection":[{"href":"https:\/\/mediarun.com\/pl\/wp-json\/wp\/v2\/posts"}],"about":[{"href":"https:\/\/mediarun.com\/pl\/wp-json\/wp\/v2\/types\/post"}],"author":[{"embeddable":true,"href":"https:\/\/mediarun.com\/pl\/wp-json\/wp\/v2\/users\/1"}],"replies":[{"embeddable":true,"href":"https:\/\/mediarun.com\/pl\/wp-json\/wp\/v2\/comments?post=83440"}],"version-history":[{"count":0,"href":"https:\/\/mediarun.com\/pl\/wp-json\/wp\/v2\/posts\/83440\/revisions"}],"wp:attachment":[{"href":"https:\/\/mediarun.com\/pl\/wp-json\/wp\/v2\/media?parent=83440"}],"wp:term":[{"taxonomy":"category","embeddable":true,"href":"https:\/\/mediarun.com\/pl\/wp-json\/wp\/v2\/categories?post=83440"},{"taxonomy":"post_tag","embeddable":true,"href":"https:\/\/mediarun.com\/pl\/wp-json\/wp\/v2\/tags?post=83440"}],"curies":[{"name":"wp","href":"https:\/\/api.w.org\/{rel}","templated":true}]}}