{"id":83402,"date":"2005-12-19T08:37:40","date_gmt":"2005-12-19T07:37:40","guid":{"rendered":"https:\/\/mediarun.com\/index.php\/news-posts\/watykan-o-radiu-maryja\/"},"modified":"2005-12-19T08:37:40","modified_gmt":"2005-12-19T07:37:40","slug":"watykan-o-radiu-maryja","status":"publish","type":"post","link":"https:\/\/mediarun.com\/pl\/media\/radio\/watykan-o-radiu-maryja.html","title":{"rendered":"Watykan o Radiu Maryja"},"content":{"rendered":"<p>&#8211; Tak m\u00f3wi\u0142 wczoraj abp J\u00f3zef \u017byci\u0144ski w diecezjalnym Radiu eR. Odpowiedzi udzieli\u0142 ks. pra\u0142at Charles Scicluna, promotor sprawiedliwo\u015bci i ekspert Kongregacji. donosi &#8222;GW&#8221;<\/p>\n<p>&#8211; Wyja\u015bni\u0142 on, \u017ce kryterium podstawowym w takich sytuacjach pozostaje stanowisko Konferencji Episkopatu Polski &#8211; relacjonowa\u0142 biskup \u017byci\u0144ski. &#8211; Je\u015bliby si\u0119 okaza\u0142o, \u017ce jakiekolwiek media maj\u0105 swoje w\u0142asne wizje polityczne, wizje kultury czy priorytety dzia\u0142a\u0144 odmienne ni\u017c Konferencja Episkopatu Polski, to media takie nie mog\u0105 uchodzi\u0107 za katolickie &#8211; doda\u0142 lubelski metropolita.<\/p>\n<p>&#8211; O tym, \u017ce w Watykanie zostanie poruszona kwestia niesubordynacji rozg\u0142o\u015bni o. Rydzyka, biskupi napomykali przed wyjazdem z tradycyjn\u0105 wizyt\u0105 do papie\u017ca &#8222;ad limina Apostolorum&#8221;. &#8211; czytamy w poniedzia\u0142kowej &#8222;Gazecie Wyborczej&#8221;<\/p>\n<p>&#8211; B\u0119d\u0119 chcia\u0142 powiedzie\u0107 papie\u017cowi o powa\u017cnym problemie jedno\u015bci Ko\u015bcio\u0142a w Polsce, co ma zwi\u0105zek z dzia\u0142alno\u015bci\u0105 niekt\u00f3rych medi\u00f3w &#8211; zapowiada\u0142 abp Tadeusz Goc\u0142owski. <\/p>\n<p>&#8211; To w\u0142a\u015bnie on poinformowa\u0142 papie\u017ca o dzia\u0142alno\u015bci toru\u0144skiej rozg\u0142o\u015bni. W odpowiedzi Benedykt XVI, przemawiaj\u0105c do biskup\u00f3w, skrytykowa\u0142 upolitycznienie medi\u00f3w katolickich w Polsce, m\u00f3wi\u0105c, \u017ce powinny zachowa\u0107 &#8222;autonomi\u0119 sfery politycznej&#8221; i skupia\u0107 si\u0119 raczej na &#8222;zbli\u017caniu wiernych do Chrystusa&#8221;. &#8211; pisze dziennik<\/p>\n","protected":false},"excerpt":{"rendered":"Ksi\u0105dz Prymas zapyta\u0142 watyka\u0144sk\u0105 Kongregacj\u0119 Nauki Wiary, jak patrzy ona na sytuacj\u0119, w kt\u00f3rej g\u0142os Radia Maryja bardzo cz\u0119sto odbiega od stanowiska Konferencji Episkopatu Polski, mimo \u017ce przedstawiany jest jako &#8222;katolicki g\u0142os w polskich domach&#8221; &#8211; informuje &#8222;Gazeta Wyborcza&#8221;","protected":false},"author":1,"featured_media":0,"comment_status":"open","ping_status":"closed","sticky":false,"template":"","format":"standard","meta":{"csco_display_header_overlay":false,"csco_singular_sidebar":"","csco_page_header_type":"","csco_page_load_nextpost":"","csco_post_video_location":[],"csco_post_video_location_hash":"","csco_post_video_url":"","csco_post_video_bg_start_time":0,"csco_post_video_bg_end_time":0,"footnotes":""},"categories":[9672],"tags":[],"class_list":{"0":"post-83402","1":"post","2":"type-post","3":"status-publish","4":"format-standard","6":"category-radio","7":"cs-entry","8":"cs-video-wrap"},"_links":{"self":[{"href":"https:\/\/mediarun.com\/pl\/wp-json\/wp\/v2\/posts\/83402","targetHints":{"allow":["GET"]}}],"collection":[{"href":"https:\/\/mediarun.com\/pl\/wp-json\/wp\/v2\/posts"}],"about":[{"href":"https:\/\/mediarun.com\/pl\/wp-json\/wp\/v2\/types\/post"}],"author":[{"embeddable":true,"href":"https:\/\/mediarun.com\/pl\/wp-json\/wp\/v2\/users\/1"}],"replies":[{"embeddable":true,"href":"https:\/\/mediarun.com\/pl\/wp-json\/wp\/v2\/comments?post=83402"}],"version-history":[{"count":0,"href":"https:\/\/mediarun.com\/pl\/wp-json\/wp\/v2\/posts\/83402\/revisions"}],"wp:attachment":[{"href":"https:\/\/mediarun.com\/pl\/wp-json\/wp\/v2\/media?parent=83402"}],"wp:term":[{"taxonomy":"category","embeddable":true,"href":"https:\/\/mediarun.com\/pl\/wp-json\/wp\/v2\/categories?post=83402"},{"taxonomy":"post_tag","embeddable":true,"href":"https:\/\/mediarun.com\/pl\/wp-json\/wp\/v2\/tags?post=83402"}],"curies":[{"name":"wp","href":"https:\/\/api.w.org\/{rel}","templated":true}]}}