{"id":83401,"date":"2005-12-19T08:40:44","date_gmt":"2005-12-19T07:40:44","guid":{"rendered":"https:\/\/mediarun.com\/index.php\/news-posts\/marcinkiewicz-w-radiu-maryja\/"},"modified":"2005-12-19T08:40:44","modified_gmt":"2005-12-19T07:40:44","slug":"marcinkiewicz-w-radiu-maryja","status":"publish","type":"post","link":"https:\/\/mediarun.com\/pl\/media\/radio\/marcinkiewicz-w-radiu-maryja.html","title":{"rendered":"Marcinkiewicz w Radiu Maryja"},"content":{"rendered":"<p>&#8222;To ju\u017c druga wizyta szefa rz\u0105du w toru\u0144skiej redakcji telewizji Trwam i Radia Maryja. Audycja z udzia\u0142em Marcinkiewicza mia\u0142a si\u0119 rozpocz\u0105\u0107 o godzinie 21.40, ale z powodu za\u015bnie\u017conych dr\u00f3g premier sp\u00f3\u017ani\u0142 si\u0119 p\u00f3\u0142 godziny. Program &#8222;Rozmowy niedoko\u0144czone&#8221; prowadzi\u0142 najbli\u017cszy wsp\u00f3\u0142pracownik o. Rydzyka &#8211; o. Jan Kr\u00f3l. W studiu czekali na go\u015bcia od\u015bwi\u0119tnie ubrani studenci Wy\u017cszej Szko\u0142y Kultury Spo\u0142ecznej i Medialnej.&#8221; &#8211; czytamy w &#8222;Gazecie Wyborczej&#8221;.<\/p>\n<p>O. Kr\u00f3l pyta\u0142 szefa rz\u0105du m.in. o u\u0142askawienie Zbigniewa Sobotki. &#8211; To skandal &#8211; komentowa\u0142 Marcinkiewicz. &#8211; Pa\u0144stwo jest bezsilne w tej sytuacji. Jedyne, co mo\u017cemy zrobi\u0107, to tylko sprawdzi\u0107, na czym opiera si\u0119 ta decyzja. Czy to jest tylko akt \u0142aski dotycz\u0105cy kolesiostwa, czy jest to decyzja zwi\u0105zana z sytuacj\u0105 du\u017co gorsz\u0105. Z sytuacj\u0105 jakich\u015b powi\u0105za\u0144, jakiej\u015b wiedzy, jakich\u015b informacji, kt\u00f3re przymusi\u0142y prezydenta do podj\u0119cia takiej decyzji. W obu wypadkach ta decyzja jest z\u0142a. Je\u015bli chodzi o pierwszy przypadek, nie b\u0119dziemy mieli na ni\u0105 wp\u0142ywu. Je\u015bli chodzi o drugi, to sprawdzenie doprowadzi nas przynajmniej do jakiej\u015b wiedzy.<\/p>\n","protected":false},"excerpt":{"rendered":"Premier Kazimierz Marcinkiewicz zapowiedzia\u0142 w Radiu Maryja sprawdzenie, czym si\u0119 kierowa\u0142 prezydent Kwa\u015bniewski, u\u0142askawiaj\u0105c Zbigniewa Sobotk\u0119. Wcze\u015bniej w radiu wyst\u0105pi\u0142 minister Wassermann  &#8211; informuje &#8222;Gazeta Wyborcza&#8221;","protected":false},"author":1,"featured_media":0,"comment_status":"open","ping_status":"closed","sticky":false,"template":"","format":"standard","meta":{"csco_display_header_overlay":false,"csco_singular_sidebar":"","csco_page_header_type":"","csco_page_load_nextpost":"","csco_post_video_location":[],"csco_post_video_location_hash":"","csco_post_video_url":"","csco_post_video_bg_start_time":0,"csco_post_video_bg_end_time":0,"footnotes":""},"categories":[9672],"tags":[],"class_list":{"0":"post-83401","1":"post","2":"type-post","3":"status-publish","4":"format-standard","6":"category-radio","7":"cs-entry","8":"cs-video-wrap"},"_links":{"self":[{"href":"https:\/\/mediarun.com\/pl\/wp-json\/wp\/v2\/posts\/83401","targetHints":{"allow":["GET"]}}],"collection":[{"href":"https:\/\/mediarun.com\/pl\/wp-json\/wp\/v2\/posts"}],"about":[{"href":"https:\/\/mediarun.com\/pl\/wp-json\/wp\/v2\/types\/post"}],"author":[{"embeddable":true,"href":"https:\/\/mediarun.com\/pl\/wp-json\/wp\/v2\/users\/1"}],"replies":[{"embeddable":true,"href":"https:\/\/mediarun.com\/pl\/wp-json\/wp\/v2\/comments?post=83401"}],"version-history":[{"count":0,"href":"https:\/\/mediarun.com\/pl\/wp-json\/wp\/v2\/posts\/83401\/revisions"}],"wp:attachment":[{"href":"https:\/\/mediarun.com\/pl\/wp-json\/wp\/v2\/media?parent=83401"}],"wp:term":[{"taxonomy":"category","embeddable":true,"href":"https:\/\/mediarun.com\/pl\/wp-json\/wp\/v2\/categories?post=83401"},{"taxonomy":"post_tag","embeddable":true,"href":"https:\/\/mediarun.com\/pl\/wp-json\/wp\/v2\/tags?post=83401"}],"curies":[{"name":"wp","href":"https:\/\/api.w.org\/{rel}","templated":true}]}}