{"id":83396,"date":"2005-12-19T10:40:42","date_gmt":"2005-12-19T09:40:42","guid":{"rendered":"https:\/\/mediarun.com\/index.php\/news-posts\/republika-lacznikiem-pokolen\/"},"modified":"2005-12-19T10:40:42","modified_gmt":"2005-12-19T09:40:42","slug":"republika-lacznikiem-pokolen","status":"publish","type":"post","link":"https:\/\/mediarun.com\/pl\/wydarzenia\/republika-lacznikiem-pokolen.html","title":{"rendered":"Republika \u0142\u0105cznikiem pokole\u0144"},"content":{"rendered":"<p>&#8222;Mariusz Sygu\u0142a ma 40 lat i wci\u0105\u017c jest fanem zespo\u0142u. Posiada wszystkie jego p\u0142yty, do dzisiaj zachwyca si\u0119 tekstami piosenek, kt\u00f3re pisa\u0142 Grzegorz Ciechowski. &#8211; Kojarz\u0105 mi si\u0119 z sytuacjami z mojego \u017cycia -opowiada. By\u0142 na wielu koncertach Republiki, w przeciwie\u0144stwie do 17-letniej Aleksandry z Krakowa. Do studenckiego klubu Od Nowa, gdzie przed laty debiutowa\u0142a Republika, dotar\u0142a w sobot\u0119 wraz z kole\u017cankami autostopem. Przyjecha\u0142a, bo nigdy nie s\u0142ysza\u0142a na \u017cywo jej ulubionych piosenek, kt\u00f3re wykonali zaproszeni arty\u015bci.&#8221;<\/p>\n<p>&#8222;Rockowo zagra\u0142 Tomek Lipi\u0144ski z Brygad\u0105 Kryzys, kt\u00f3ra 24 lata temu, a wi\u0119c rok po powstaniu Republiki, zaprosi\u0142a j\u0105 na wsp\u00f3lny koncert do Warszawy. Wyst\u0105pili Bogdan Ho\u0142ownia i Ewelina Flinta, bracia Cugowscy, kt\u00f3rzy raczkowali, gdy Republika zaczyna\u0142a, a tak\u017ce zesp\u00f3\u0142 Closterkeller i Kwartet \u015al\u0105ski.&#8221; &#8211; pisze Rzeczpospolita.<\/p>\n<p>-Pami\u0119\u0107 o Grzegorzu, to jedyny cel spotkania &#8211; m\u00f3wi &#8222;Rz&#8221; producent Jerzy Tolak. &#8211; Nikt z artyst\u00f3w nie odm\u00f3wi\u0142. Koncert potwierdzi\u0142 te\u017c, \u017ce nie trzeba nikomu t\u0142umaczy\u0107, kim by\u0142 Grzegorz Ciechowski. <\/p>\n<p>&#8222;Niespodziank\u0105 okaza\u0142 si\u0119 wyst\u0119p pozosta\u0142ych cz\u0142onk\u00f3w Republiki. &#8211; Tego szczeg\u00f3lnego wieczoru chcieli\u015bmy zagra\u0107 razem. Niewykluczone, \u017ce w przysz\u0142o\u015bci co\u015b wsp\u00f3lnie stworzymy &#8211; zapowiada\u0142 Zbyszek Krzywa\u0144ski, gitarzysta i autor wielu kompozycji grupy.&#8221;<\/p>\n<p>&#8222;Nagrod\u0119 Artystyczn\u0105 Miasta Torunia im. Grzegorza Ciechowskiego odebra\u0142a Joanna Piwowar, urodzona w 1981 roku poetka, kompozytorka i wokalistka. By\u0142a zaskoczona, ale i zaszczycona, bo to >presti\u017cowa nagroda<. - Dzi\u0119ki niej otwieraj\u0105 si\u0119 przed nami kolejne drzwi -m\u00f3wi\u0142a laureatka, kt\u00f3ra wyst\u0105pi\u0142a z zespo\u0142em Trzy Dni P\u00f3\u017aniej.\" - pisze dziennik.\n<\/p>\n","protected":false},"excerpt":{"rendered":"&#8222;M\u0142odzi i starzy fani razem skandowali: Republika! Republika! Przyjechali w sobot\u0119 do Torunia, aby ju\u017c po raz czwarty uczci\u0107 pami\u0119\u0107 za\u0142o\u017cyciela i lidera zespo\u0142u Grzegorza Ciechowskiego, wokalisty, instrumentalisty, kompozytora, zmar\u0142ego nagle cztery lata temu.&#8221; &#8211; czytamy w Rzeczpospolitej.","protected":false},"author":1,"featured_media":0,"comment_status":"open","ping_status":"closed","sticky":false,"template":"","format":"standard","meta":{"csco_display_header_overlay":false,"csco_singular_sidebar":"","csco_page_header_type":"","csco_page_load_nextpost":"","csco_post_video_location":[],"csco_post_video_location_hash":"","csco_post_video_url":"","csco_post_video_bg_start_time":0,"csco_post_video_bg_end_time":0,"footnotes":""},"categories":[46],"tags":[],"class_list":{"0":"post-83396","1":"post","2":"type-post","3":"status-publish","4":"format-standard","6":"category-wydarzenia","7":"cs-entry","8":"cs-video-wrap"},"_links":{"self":[{"href":"https:\/\/mediarun.com\/pl\/wp-json\/wp\/v2\/posts\/83396","targetHints":{"allow":["GET"]}}],"collection":[{"href":"https:\/\/mediarun.com\/pl\/wp-json\/wp\/v2\/posts"}],"about":[{"href":"https:\/\/mediarun.com\/pl\/wp-json\/wp\/v2\/types\/post"}],"author":[{"embeddable":true,"href":"https:\/\/mediarun.com\/pl\/wp-json\/wp\/v2\/users\/1"}],"replies":[{"embeddable":true,"href":"https:\/\/mediarun.com\/pl\/wp-json\/wp\/v2\/comments?post=83396"}],"version-history":[{"count":0,"href":"https:\/\/mediarun.com\/pl\/wp-json\/wp\/v2\/posts\/83396\/revisions"}],"wp:attachment":[{"href":"https:\/\/mediarun.com\/pl\/wp-json\/wp\/v2\/media?parent=83396"}],"wp:term":[{"taxonomy":"category","embeddable":true,"href":"https:\/\/mediarun.com\/pl\/wp-json\/wp\/v2\/categories?post=83396"},{"taxonomy":"post_tag","embeddable":true,"href":"https:\/\/mediarun.com\/pl\/wp-json\/wp\/v2\/tags?post=83396"}],"curies":[{"name":"wp","href":"https:\/\/api.w.org\/{rel}","templated":true}]}}