{"id":83395,"date":"2005-12-19T10:45:12","date_gmt":"2005-12-19T09:45:12","guid":{"rendered":"https:\/\/mediarun.com\/index.php\/news-posts\/noblistka-w-oblezeniu\/"},"modified":"2005-12-19T10:45:12","modified_gmt":"2005-12-19T09:45:12","slug":"noblistka-w-oblezeniu","status":"publish","type":"post","link":"https:\/\/mediarun.com\/pl\/wydarzenia\/noblistka-w-oblezeniu.html","title":{"rendered":"Noblistka w obl\u0119\u017ceniu"},"content":{"rendered":"<p>&#8222;Do krakowskiego Centrum Sztuki i Techniki Japo\u0144skiej Manggha przyszli w sobot\u0119 wieczorem w ogromnej wi\u0119kszo\u015bci ludzie m\u0142odzi. P\u00f3\u0142 tysi\u0105ca wcisn\u0119\u0142o si\u0119 na sal\u0119 widowiskow\u0105, nie zostawiaj\u0105c kawa\u0142ka wolnego miejsca, dwustu pozosta\u0142ych musia\u0142o ogl\u0105da\u0107 spotkanie na telebimie w innym pomieszczeniu. Owacjami witali noblistk\u0119, kt\u00f3ra pojawi\u0142a si\u0119 na scenie z typowym dla niej zak\u0142opotanym u\u015bmiechem, gdy tylko znajdzie si\u0119 ona w centrum zainteresowania.&#8221; &#8211; pisze dziennik.<\/p>\n<p>&#8211; Mamy dzi\u015b \u015bwi\u0119to podw\u00f3jne. Ukaza\u0142 si\u0119 &#8222;Dwukropek&#8221;, nowa ksi\u0105\u017cka Wis\u0142awy Szymborskiej, i jest to zarazem 50. tom biblioteki poetyckiej naszej oficyny &#8211; m\u00f3wi\u0142 gospodarz spotkania Ryszard Krynicki, wraz z \u017con\u0105 Krystyn\u0105 prowadz\u0105cy Wydawnictwo a5. <\/p>\n<p>Jak by tego by\u0142o ma\u0142o, Krynicki zaprosi\u0142 do towarzyszenia poetce Tadeusza Nyczka z jego najnowsz\u0105 ksi\u0105\u017ck\u0105 (r\u00f3wnie\u017c wydan\u0105 w a5) &#8222;Tyle naraz \u015bwiata. 27x Szymborska&#8221;, czyli w\u0119dr\u00f3wk\u0105 po 27 jej wierszach wybranych z r\u00f3\u017cnych okres\u00f3w tw\u00f3rczo\u015bci. Autor odczyta\u0142 b\u0142yskotliwy komentarz do dawnego wiersza &#8222;G\u0142os w sprawie pornografii&#8221;. <\/p>\n<p>&#8222;Analiz\u0119 nawiasu, znaku zapytania i dwukropka jako metafor interpunkcyjnych w najnowszym tomie Szymborskiej przeprowadzi\u0142 natomiast prof. Marian Stala. M\u00f3wi\u0142, \u017ce poetka g\u0142osi pochwal\u0119 nawiasu, bo to, co w nim zawarte &#8211; cho\u0107 komplikuje zrozumienie sensu wypowiedzi &#8211; zarazem otwiera pole dodawania, dopowiadania, wzbogacania, r\u00f3\u017cnicowania. Umo\u017cliwia zwracanie uwagi na warianty, alternatywy tego, co do\u015bwiadczalne, i tego, co istnieje. Jeszcze bardziej poetka wywy\u017csza pytajnik. &#8211; Wielkie i ma\u0142e pytania zadawane sobie i \u015bwiatu s\u0105 jej podstawowym \u017cywio\u0142em &#8211; dowodzi\u0142 prof. Stala.&#8221; <\/p>\n<p>&#8222;Tytu\u0142owy dwukropek ma u noblistki, zdaniem Mariana Stali, wiele znacze\u0144. Jest alternatyw\u0105 kropki, kt\u00f3ra w poetce budzi niebywa\u0142\u0105 niech\u0119\u0107. Dwukropek niczego nie zamyka, lecz otwiera pole dialogu, jest rodzajem apelu do konkretnego czytelnika albo \u015bwiata jako ca\u0142o\u015bci. A co z dwukropkiem ko\u0144cz\u0105cym ksi\u0105\u017ck\u0119? -Mo\u017cna powiedzie\u0107, \u017ce ods\u0142ania kolisto\u015b\u0107 konstrukcji tomu, wprowadza w kr\u0105g albo w labirynt pyta\u0144 i problem\u00f3w zjawiaj\u0105cych si\u0119 mi\u0119dzy pierwszym a ostatnim s\u0142owem ksi\u0105\u017cki &#8211; interpretowa\u0142 prof. Stala.&#8221; <\/p>\n<p>&#8222;Potem by\u0142o ws\u0142uchiwanie si\u0119 w wiersze z >Dwukropka<, czytane jasnym i czystym g\u0142osem. Poetka przedstawi\u0142a ich siedem. - Gdybym przeczyta\u0142a ca\u0142y tom, okaza\u0142oby si\u0119, \u017ce trwa\u0142oby to kr\u00f3cej ni\u017c \u0142askawie wyg\u0142oszone tu referaty -\u017cartowa\u0142a. Lecz na pro\u015bb\u0119 Krynickiego dorzuci\u0142a jeszcze wiersz \"Ma\u0142a dziewczynka \u015bci\u0105ga obrus\" z poprzedniego tomiku \"Chwila\" wydanego przez Znak.\" - pisze Rzeczpospolita.\n\n\"Na koniec przez ponad godzin\u0119 pot\u0119\u017cny t\u0142um napiera\u0142 na stolik, przy kt\u00f3rym Szymborska i Nyczek podpisywali ksi\u0105\u017cki. Noblistka przeprasza\u0142a, \u017ce w takiej sytuacji nie b\u0119dzie wpisywa\u0142a indywidualnych dedykacji, lecz tylko z\u0142o\u017cy podpis. -To i tak b\u0119dzie trwa\u0142o bardzo d\u0142ugo, bo mam trzysylabowe imi\u0119 i trzysylabowe nazwisko. Nie jestem Dario Fo, kt\u00f3ry by\u0142 moim nast\u0119pc\u0105. Pisze on tylko D. Fo i jest spok\u00f3j - \u015bmia\u0142a si\u0119 noblistka.\"\n<\/p>\n","protected":false},"excerpt":{"rendered":"Sala p\u0119ka\u0142a w szwach, oklaskom nie by\u0142o ko\u0144ca, a potem ponad godzin\u0119 oblegano Wis\u0142aw\u0119 Szymborsk\u0105, kt\u00f3ra podpisywa\u0142a nowy tomik &#8222;Dwukropek&#8221;. &#8211; czytamy w Rzeczpospolitej.","protected":false},"author":1,"featured_media":0,"comment_status":"open","ping_status":"closed","sticky":false,"template":"","format":"standard","meta":{"csco_display_header_overlay":false,"csco_singular_sidebar":"","csco_page_header_type":"","csco_page_load_nextpost":"","csco_post_video_location":[],"csco_post_video_location_hash":"","csco_post_video_url":"","csco_post_video_bg_start_time":0,"csco_post_video_bg_end_time":0,"footnotes":""},"categories":[46],"tags":[],"class_list":{"0":"post-83395","1":"post","2":"type-post","3":"status-publish","4":"format-standard","6":"category-wydarzenia","7":"cs-entry","8":"cs-video-wrap"},"_links":{"self":[{"href":"https:\/\/mediarun.com\/pl\/wp-json\/wp\/v2\/posts\/83395","targetHints":{"allow":["GET"]}}],"collection":[{"href":"https:\/\/mediarun.com\/pl\/wp-json\/wp\/v2\/posts"}],"about":[{"href":"https:\/\/mediarun.com\/pl\/wp-json\/wp\/v2\/types\/post"}],"author":[{"embeddable":true,"href":"https:\/\/mediarun.com\/pl\/wp-json\/wp\/v2\/users\/1"}],"replies":[{"embeddable":true,"href":"https:\/\/mediarun.com\/pl\/wp-json\/wp\/v2\/comments?post=83395"}],"version-history":[{"count":0,"href":"https:\/\/mediarun.com\/pl\/wp-json\/wp\/v2\/posts\/83395\/revisions"}],"wp:attachment":[{"href":"https:\/\/mediarun.com\/pl\/wp-json\/wp\/v2\/media?parent=83395"}],"wp:term":[{"taxonomy":"category","embeddable":true,"href":"https:\/\/mediarun.com\/pl\/wp-json\/wp\/v2\/categories?post=83395"},{"taxonomy":"post_tag","embeddable":true,"href":"https:\/\/mediarun.com\/pl\/wp-json\/wp\/v2\/tags?post=83395"}],"curies":[{"name":"wp","href":"https:\/\/api.w.org\/{rel}","templated":true}]}}