{"id":83391,"date":"2005-12-19T11:09:55","date_gmt":"2005-12-19T10:09:55","guid":{"rendered":"https:\/\/mediarun.com\/index.php\/news-posts\/czwarta-wladza-dla-pis-u\/"},"modified":"2005-12-19T11:09:55","modified_gmt":"2005-12-19T10:09:55","slug":"czwarta-wladza-dla-pis-u","status":"publish","type":"post","link":"https:\/\/mediarun.com\/pl\/ludzie\/wywiad\/czwarta-wladza-dla-pis-u.html","title":{"rendered":"Czwarta w\u0142adza dla PiS-u"},"content":{"rendered":"<p><b>Nadchodz\u0105 roszady na Woronicza<\/b><\/p>\n<p>Coraz wi\u0119cej medi\u00f3w informuje o rych\u0142ym ko\u0144cu epoki Jana Dworaka w Telewizji Polskiej. Wed\u0142ug tygodnika &#8222;Newsweek Polska&#8221; fotel po nim mia\u0142by przej\u0105\u0107 Janusz Pietkiewicz, dotychczasowy Dyrektor Biura Teatr\u00f3w sto\u0142ecznego ratusza i bliski wsp\u00f3\u0142pracownik Lecha Kaczy\u0144skiego. Umiarkowanym kandydatem na stanowisko prezesa TVP m\u00f3g\u0142by by\u0107 Wies\u0142aw Walendziak. Niewykluczone jednak, \u017ce zajmie on inny fotel. W kuluarach sejmowych typuje si\u0119 go jako wyj\u015bcie awaryjne dla rz\u0105du. W razie niepowodzenia Marcinkiewicza, by\u0142y pose\u0142 PiS m\u00f3g\u0142by go zast\u0105pi\u0107. KRRiT odchudzona do pi\u0119ciu cz\u0142onk\u00f3w mo\u017ce wybra\u0107 nowego prezesa jeszcze na pocz\u0105tku przysz\u0142ego roku. Na Woronicza ju\u017c huczy od plotek o kolejnych czystkach. Wed\u0142ug PiS-u, TVP stronniczo relacjonowa\u0142a przebieg kampanii wyborczej. Czystki mog\u0105 obj\u0105\u0107 nawet gwiazdy, takie jak Kamil Durczok, kt\u00f3ry zdaniem wielu zwolennik\u00f3w rz\u0105dz\u0105cej koalicji &#8222;czu\u0142 si\u0119 \u015bwietnie zar\u00f3wno za prezesa Kwiatkowskiego, jak i Dworaka&#8221;. <\/p>\n<p><b>Jakie b\u0119dzie nowe oblicze polskich medi\u00f3w?<\/b><\/p>\n<p>PiS posun\u0105\u0142 si\u0119 w swojej walce o media znacznie dalej ni\u017c SLD i AWS. Wiele wskazuje na to, \u017ce zar\u00f3wno w KRRiT, jak i radach nadzorczych medi\u00f3w publicznych, kt\u00f3re powo\u0142ane zostan\u0105 na trzy lata zasi\u0105d\u0105 przedstawiciele interes\u00f3w ugrupowa\u0144 wchodz\u0105cych w sk\u0142ad nieformalnej koalicji parlamentarnej (PiS, Samoobrona i LPR). Nowych cz\u0142onk\u00f3w odchudzonej KRRiT wybior\u0105 Sejm, Senat i prezydent. W Sejmie PiS b\u0119dzie musia\u0142 poszuka\u0107 sojusznik\u00f3w. Pomo\u017ce Liga Polskich Rodzin i Samoobrona. Przygotujmy si\u0119 na wielkie zmiany w polskich mediach. Dzia\u0142acze rz\u0105dz\u0105cej koalicji wielokrotnie podkre\u015blali ch\u0119\u0107 przeprowadzenia moralnej odnowy. Nowe media b\u0119d\u0105 wi\u0119c konserwatywne. KRRiT surowsza w stosunku do nadawc\u00f3w emituj\u0105cych na przyk\u0142ad pikantne sceny erotyczne. Czeka nas moralna peryferyjno\u015b\u0107 w stosunku do Europy Zachodniej. Trudno b\u0119dzie o koncesje dla kana\u0142\u00f3w erotycznych. <\/p>\n<p><b>Powyborcza wdzi\u0119czno\u015b\u0107<\/b><\/p>\n<p>Na zmianach w ustawie o radiofonii i telewizji skorzysta o. Tadeusz Rydzyk i jego Radio Maryja. Nowelizacja da nadawcom spo\u0142ecznym pierwsze\u0144stwo w ubieganiu si\u0119 o ponown\u0105 koncesj\u0119. Radio Maryja i Telewizja Trwam staj\u0105 si\u0119 g\u0142\u00f3wnym informatorem o polityce rz\u0105dowej. Regularnie w Toruniu goszcz\u0105 zar\u00f3wno premier Marcinkiewicz, jak i pozostali cz\u0142onkowie jego gabinetu. O niezale\u017cno\u015b\u0107 medi\u00f3w katolickich zaczyna coraz g\u0142o\u015bniej domaga\u0107 si\u0119 Episkopat. Metropolita lubelski abp J\u00f3zef \u017byci\u0144ski poinformowa\u0142 o zabiegach prymasa Glempa. Kardyna\u0142 zwr\u00f3ci\u0142 si\u0119 z zapytaniem o odmienne pogl\u0105dy polityczne prezentowane na falach &#8222;katolickiego g\u0142osu w polskich domach&#8221; do eksperta watyka\u0144skiej Kongregacji Nauki Wiary. Ks. Charles Scicluna stwierdzi\u0142 w odpowiedzi, \u017ce media prezentuj\u0105ce odmienne wizje polityczne, kulturowe od Episkopatu nie s\u0105 mediami katolickimi.  <\/p>\n<p><b>Czy Polacy podziel\u0105 los W\u0142och\u00f3w?<\/b><\/p>\n<p>Po raz pierwszy w historii III RP jedna linia \u015bwiatopogl\u0105dowa mo\u017ce zyska\u0107 niemal monopolistyczn\u0105 pozycj\u0119 w mediach. Dotychczasowy uk\u0142ad opiera\u0142 si\u0119 na wzgl\u0119dnej r\u00f3wnowadze mi\u0119dzy SLD i PO w TVP, oraz mi\u0119dzy cz\u0142onkami powo\u0142anymi przez SLD i AWS w KRRiT. Ani SLD, ani AWS nie odwa\u017cy\u0142o si\u0119 &#8222;wystawi\u0107 do odstrza\u0142u&#8221; wszystkich cz\u0142onk\u00f3w Rady mianowanych przez politycznego przeciwnika. <?plik(4152,'right','Premier Kazimierz Marcinkiewicz\/\/ fot. TVP')?> Zgodnie z pragnieniami PiS-u zanika podzia\u0142 mi\u0119dzy postkomunistami i by\u0142ymi dzia\u0142aczami Solidarno\u015bci. Coraz wyra\u017aniej kreuje si\u0119 nowy &#8211; na zwolennik\u00f3w okr\u0105g\u0142ego sto\u0142u i jego przeciwnik\u00f3w. Granica ta dzieli nie tylko polityk\u00f3w i dziennikarzy, ale te\u017c ko\u015bci\u00f3\u0142. W\u0142osi od lat zmagaj\u0105 si\u0119 z medialnym monopolem Silvio Berlusconiego i jego centroprawicowej formacji &#8222;Forza Italia&#8221;. B\u0119d\u0105c od lat premierem, kontroluje on sw\u00f3j koncern Mediaset i publiczne media RAI. Silne prawicowe lobby i zaanga\u017cowanie ko\u015bcio\u0142a doprowadzi\u0142y do odrzucenia przez spo\u0142ecze\u0144stwo ustawy o sztucznym zap\u0142odnieniu. W Polsce po interwencji &#8222;Naszego Dziennika&#8221; wstrzymano nominacj\u0119 Joanny Kluzik-Rostkowskiej na pe\u0142nomocnika rz\u0105du ds. rodziny i kobiet, gdy okaza\u0142o si\u0119, \u017ce jest ona zwolenniczk\u0105 sztucznego zap\u0142odnienia. Czy mo\u017cna w og\u00f3le m\u00f3wi\u0107 o niezale\u017cno\u015bci medi\u00f3w i oddaniu ich w r\u0119ce niezale\u017cnych ekspert\u00f3w? Dlaczego ka\u017cda nast\u0119pna partia dochodz\u0105ca do w\u0142adzy czyni starania o ich pozyskania? Wolno\u015b\u0107 i niezale\u017cno\u015b\u0107 w demokracji to sen. Tak\u017ce w tych najbardziej obywatelskich spo\u0142ecze\u0144stwach. W USA stacja CNN kojarzona jest z Demokratami, a Fox &#8211; nazywana czasami &#8222;tub\u0105 propagandow\u0105&#8221; Busha i Republikan\u00f3w. <\/p>\n<p><?plik(4151,'center','Premier W\u0142och Silvio Berlusconi \/\/ fot. RaiNews24')?><\/p>\n<p><b>Sp\u00f3r o przysz\u0142o\u015b\u0107 Polski<\/b><\/p>\n<p>Dzisiaj nikt nie m\u00f3wi ju\u017c o &#8222;r\u00f3\u017cnicy mi\u0119dzy Polsk\u0105 liberaln\u0105, a solidarn\u0105&#8221; w gospodarczym tego zdania znaczeniu. Coraz cz\u0119\u015bciej przedmiotem dyskusji jest Polska w pe\u0142ni demokratyczna &#8211; to jest zapewniaj\u0105ca prawa mniejszo\u015bciom, przeciwnikom politycznym i Polska oparta na mocnej w\u0142adzy rz\u0105dz\u0105cego ugrupowania. Jedynym plusem rz\u0105d\u00f3w silnej r\u0119ki &#8211; jest ich ci\u0105g\u0142o\u015b\u0107, czego brakowa\u0142o naszemu krajowi w przeci\u0105gu ostatnich lat. Ostatni sonda\u017c CBOS, przeprowadzony przy okazji wybor\u00f3w &#8211; wykazuje, \u017ce 40 proc. Polak\u00f3w woli rz\u0105dy silnego cz\u0142owieka od demokratycznych. Jednocze\u015bnie 31 proc. badanych uwa\u017ca, \u017ce demokracja to g\u0142\u00f3wnie ba\u0142agan. <\/p>\n","protected":false},"excerpt":{"rendered":"&#8222;Prawo i Sprawiedliwo\u015b\u0107&#8221; nie powt\u00f3rzy &#8222;b\u0142\u0119du&#8221; AWS, kt\u00f3ra nie zdo\u0142a\u0142a sobie podporz\u0105dkowa\u0107 medi\u00f3w. Ucich\u0142 za to konflikt PO i SLD, rywalizuj\u0105cych o prym w mediach publicznych. Teraz obydwie formacje zgodnie przeciwstawiaj\u0105 si\u0119 zmianom wprowadzanym przez rz\u0105dz\u0105c\u0105 parti\u0119. Wszystko wskazuje na to, \u017ce dni Jana Dworaka w TVP s\u0105 policzone.","protected":false},"author":1,"featured_media":83392,"comment_status":"open","ping_status":"closed","sticky":false,"template":"","format":"standard","meta":{"csco_display_header_overlay":false,"csco_singular_sidebar":"","csco_page_header_type":"","csco_page_load_nextpost":"","csco_post_video_location":[],"csco_post_video_location_hash":"","csco_post_video_url":"","csco_post_video_bg_start_time":0,"csco_post_video_bg_end_time":0,"footnotes":""},"categories":[45],"tags":[],"class_list":{"0":"post-83391","1":"post","2":"type-post","3":"status-publish","4":"format-standard","5":"has-post-thumbnail","7":"category-wywiad","8":"cs-entry","9":"cs-video-wrap"},"_links":{"self":[{"href":"https:\/\/mediarun.com\/pl\/wp-json\/wp\/v2\/posts\/83391","targetHints":{"allow":["GET"]}}],"collection":[{"href":"https:\/\/mediarun.com\/pl\/wp-json\/wp\/v2\/posts"}],"about":[{"href":"https:\/\/mediarun.com\/pl\/wp-json\/wp\/v2\/types\/post"}],"author":[{"embeddable":true,"href":"https:\/\/mediarun.com\/pl\/wp-json\/wp\/v2\/users\/1"}],"replies":[{"embeddable":true,"href":"https:\/\/mediarun.com\/pl\/wp-json\/wp\/v2\/comments?post=83391"}],"version-history":[{"count":0,"href":"https:\/\/mediarun.com\/pl\/wp-json\/wp\/v2\/posts\/83391\/revisions"}],"wp:featuredmedia":[{"embeddable":true,"href":"https:\/\/mediarun.com\/pl\/wp-json\/wp\/v2\/media\/83392"}],"wp:attachment":[{"href":"https:\/\/mediarun.com\/pl\/wp-json\/wp\/v2\/media?parent=83391"}],"wp:term":[{"taxonomy":"category","embeddable":true,"href":"https:\/\/mediarun.com\/pl\/wp-json\/wp\/v2\/categories?post=83391"},{"taxonomy":"post_tag","embeddable":true,"href":"https:\/\/mediarun.com\/pl\/wp-json\/wp\/v2\/tags?post=83391"}],"curies":[{"name":"wp","href":"https:\/\/api.w.org\/{rel}","templated":true}]}}