{"id":83384,"date":"2005-12-19T14:22:27","date_gmt":"2005-12-19T13:22:27","guid":{"rendered":"https:\/\/mediarun.com\/index.php\/news-posts\/radomski-plus-na-swieta\/"},"modified":"2005-12-19T14:22:27","modified_gmt":"2005-12-19T13:22:27","slug":"radomski-plus-na-swieta","status":"publish","type":"post","link":"https:\/\/mediarun.com\/pl\/media\/radio\/radomski-plus-na-swieta.html","title":{"rendered":"Radomski Plus na \u015bwi\u0119ta"},"content":{"rendered":"<p>23 grudnia Radio Plus przygotowa\u0142o interaktywn\u0105 akcj\u0119 sk\u0142adania \u017cycze\u0144 pod has\u0142em &#8222;Kto dorzuci \u017cyczenia w jeszcze innym j\u0119zyku?&#8221;. Przez ca\u0142e popo\u0142udnie b\u0119dzie mo\u017cna s\u0142ucha\u0107 sk\u0142adanych \u017cycze\u0144 po: angielsku, w\u0142osku, francusku, portugalsku, hiszpa\u0144sku, korea\u0144sku, chorwacku, i rosyjsku, a tak\u017ce zaproponowa\u0107 w\u0142asne. B\u0119dzie te\u017c mo\u017cna zupe\u0142nie przekaza\u0107 komu\u015b najbli\u017cszemu swoje \u017cyczenia.<\/p>\n<p>W wigili\u0119 b\u0119dzie mo\u017cna pos\u0142ucha\u0107 na antenie Radia Plus Radom o tradycyjnych potrawach \u015bwi\u0105tecznych, skorzysta\u0107 z porad i podpowiedzi, jak je przygotowa\u0107, a po po\u0142udniu zostan\u0105 przekazane ostatnie praktyczne wskaz\u00f3wki s\u0142uchaczom.<\/p>\n<p>O p\u00f3\u0142nocy po radiowej w\u0119dr\u00f3wce do Betlejem z przewodnikiem po Ziemi \u015awi\u0119tej, ks. Jackiem Kucharskim rozpocznie si\u0119 transmisja Pasterki z radomskiej Katedry. W Bo\u017ce Narodzenie na antenie rozg\u0142o\u015bni pojawi\u0105 si\u0119 kol\u0119dy w wykonaniu znanych radomian. Stacja przygotowa\u0142a r\u00f3wnie\u017c s\u0142uchowisko &#8222;Pastora\u0142k\u0119&#8221;.<\/p>\n<p>W centrum Radomia stan\u0119\u0142a 15 &#8211; metrowa choinka, kt\u00f3ra jest darem Radia Plus dla mieszka\u0144c\u00f3w miasta.<\/p>\n","protected":false},"excerpt":{"rendered":"Radio Plus w Radomiu przygotowa\u0142o dla swoich s\u0142uchaczy przed\u015bwi\u0105teczne propozycje programowe. Na antenie rozg\u0142o\u015bni pojawi si\u0119 od \u015brody &#8222;Akademia Kol\u0119dowania&#8221; prowadzona przez gwiazdy polskiej piosenki. Nie zabraknie r\u00f3wnie\u017c rekolekcji adwentowych.","protected":false},"author":1,"featured_media":83385,"comment_status":"open","ping_status":"closed","sticky":false,"template":"","format":"standard","meta":{"csco_display_header_overlay":false,"csco_singular_sidebar":"","csco_page_header_type":"","csco_page_load_nextpost":"","csco_post_video_location":[],"csco_post_video_location_hash":"","csco_post_video_url":"","csco_post_video_bg_start_time":0,"csco_post_video_bg_end_time":0,"footnotes":""},"categories":[9672],"tags":[],"class_list":{"0":"post-83384","1":"post","2":"type-post","3":"status-publish","4":"format-standard","5":"has-post-thumbnail","7":"category-radio","8":"cs-entry","9":"cs-video-wrap"},"_links":{"self":[{"href":"https:\/\/mediarun.com\/pl\/wp-json\/wp\/v2\/posts\/83384","targetHints":{"allow":["GET"]}}],"collection":[{"href":"https:\/\/mediarun.com\/pl\/wp-json\/wp\/v2\/posts"}],"about":[{"href":"https:\/\/mediarun.com\/pl\/wp-json\/wp\/v2\/types\/post"}],"author":[{"embeddable":true,"href":"https:\/\/mediarun.com\/pl\/wp-json\/wp\/v2\/users\/1"}],"replies":[{"embeddable":true,"href":"https:\/\/mediarun.com\/pl\/wp-json\/wp\/v2\/comments?post=83384"}],"version-history":[{"count":0,"href":"https:\/\/mediarun.com\/pl\/wp-json\/wp\/v2\/posts\/83384\/revisions"}],"wp:featuredmedia":[{"embeddable":true,"href":"https:\/\/mediarun.com\/pl\/wp-json\/wp\/v2\/media\/83385"}],"wp:attachment":[{"href":"https:\/\/mediarun.com\/pl\/wp-json\/wp\/v2\/media?parent=83384"}],"wp:term":[{"taxonomy":"category","embeddable":true,"href":"https:\/\/mediarun.com\/pl\/wp-json\/wp\/v2\/categories?post=83384"},{"taxonomy":"post_tag","embeddable":true,"href":"https:\/\/mediarun.com\/pl\/wp-json\/wp\/v2\/tags?post=83384"}],"curies":[{"name":"wp","href":"https:\/\/api.w.org\/{rel}","templated":true}]}}