{"id":83363,"date":"2005-12-20T00:51:38","date_gmt":"2005-12-19T23:51:38","guid":{"rendered":"https:\/\/mediarun.com\/index.php\/news-posts\/wildstein-w-kierownictwie-tvp\/"},"modified":"2005-12-20T00:51:38","modified_gmt":"2005-12-19T23:51:38","slug":"wildstein-w-kierownictwie-tvp","status":"publish","type":"post","link":"https:\/\/mediarun.com\/pl\/media\/tv\/wildstein-w-kierownictwie-tvp.html","title":{"rendered":"Wildstein w kierownictwie TVP?"},"content":{"rendered":"<p>&#8211; W\u015br\u00f3d cz\u0142onk\u00f3w przysz\u0142ego kierownictwa Telewizji Polskiej wymieniani s\u0105 Bronis\u0142aw Wildstein i zwi\u0105zany z Lechem Kaczy\u0144skim mened\u017cer kultury Janusz Pietkiewicz. Ten ostatni, wed\u0142ug &#8222;Newsweeka &#8222;, mia\u0142by by\u0107 prezesem TVP w miejsce wywodz\u0105cego si\u0119 z PO Jana Dworaka. &#8211; czytamy w &#8222;Trybunie&#8221;<\/p>\n<p>&#8211; Wszystko to ma umo\u017cliwi\u0107 nowa ustawa medialna, przepchni\u0119ta w pi\u0105tek przez Sejm. Jeszcze w tym tygodniu PiS zamierza przeforsowa\u0107 j\u0105 w Senacie &#8211; nie b\u0119dzie z tym problem\u00f3w, bo partia Kaczy\u0144skich ma w tej izbie przewag\u0119.<br \/>\nBy\u0142aby to pierwsza ustawa podpisana przez zaprzysi\u0119\u017conego 23 grudnia prezydenta Lecha Kaczy\u0144skiego. Cho\u0107 zacznie obowi\u0105zywa\u0107 po dw\u00f3ch tygodniach od momentu og\u0142oszenia, to niekt\u00f3re jej artyku\u0142y b\u0119d\u0105 dzia\u0142a\u0107 natychmiast. Np. ju\u017c w momencie og\u0142oszenia wygasn\u0105 kadencje dotychczasowych cz\u0142onk\u00f3w KRRiTV. &#8211; informuje &#8222;Trybuna&#8221;<\/p>\n","protected":false},"excerpt":{"rendered":"&#8211; Zd\u0105\u017cymy, musimy zd\u0105\u017cy\u0107. Wierz\u0119, \u017ce sylwester b\u0119dzie nasz &#8211; powiedzia\u0142 Jacek Kurski o planie zdobycia medi\u00f3w publicznych przez PiS w wywiadzie dla weekendowego numeru &#8222;Naszego Dziennika&#8221;. &#8211; Wiele na to wskazuje, \u017ce plan si\u0119 powiedzie. Sam Kurski znajdzie si\u0119 prawdopodobnie w sk\u0142adzie przej\u0119tej przez PiS Krajowej Rady Radiofonii i Telewizji. &#8211; donosi &#8222;Trybuna&#8221;","protected":false},"author":1,"featured_media":83364,"comment_status":"open","ping_status":"closed","sticky":false,"template":"","format":"standard","meta":{"csco_display_header_overlay":false,"csco_singular_sidebar":"","csco_page_header_type":"","csco_page_load_nextpost":"","csco_post_video_location":[],"csco_post_video_location_hash":"","csco_post_video_url":"","csco_post_video_bg_start_time":0,"csco_post_video_bg_end_time":0,"footnotes":""},"categories":[9670],"tags":[],"class_list":{"0":"post-83363","1":"post","2":"type-post","3":"status-publish","4":"format-standard","5":"has-post-thumbnail","7":"category-tv","8":"cs-entry","9":"cs-video-wrap"},"_links":{"self":[{"href":"https:\/\/mediarun.com\/pl\/wp-json\/wp\/v2\/posts\/83363","targetHints":{"allow":["GET"]}}],"collection":[{"href":"https:\/\/mediarun.com\/pl\/wp-json\/wp\/v2\/posts"}],"about":[{"href":"https:\/\/mediarun.com\/pl\/wp-json\/wp\/v2\/types\/post"}],"author":[{"embeddable":true,"href":"https:\/\/mediarun.com\/pl\/wp-json\/wp\/v2\/users\/1"}],"replies":[{"embeddable":true,"href":"https:\/\/mediarun.com\/pl\/wp-json\/wp\/v2\/comments?post=83363"}],"version-history":[{"count":0,"href":"https:\/\/mediarun.com\/pl\/wp-json\/wp\/v2\/posts\/83363\/revisions"}],"wp:featuredmedia":[{"embeddable":true,"href":"https:\/\/mediarun.com\/pl\/wp-json\/wp\/v2\/media\/83364"}],"wp:attachment":[{"href":"https:\/\/mediarun.com\/pl\/wp-json\/wp\/v2\/media?parent=83363"}],"wp:term":[{"taxonomy":"category","embeddable":true,"href":"https:\/\/mediarun.com\/pl\/wp-json\/wp\/v2\/categories?post=83363"},{"taxonomy":"post_tag","embeddable":true,"href":"https:\/\/mediarun.com\/pl\/wp-json\/wp\/v2\/tags?post=83363"}],"curies":[{"name":"wp","href":"https:\/\/api.w.org\/{rel}","templated":true}]}}