{"id":83347,"date":"2005-12-20T06:00:00","date_gmt":"2005-12-20T05:00:00","guid":{"rendered":"https:\/\/mediarun.com\/index.php\/news-posts\/trzy-tysiace-faktow\/"},"modified":"2005-12-20T06:00:00","modified_gmt":"2005-12-20T05:00:00","slug":"trzy-tysiace-faktow","status":"publish","type":"post","link":"https:\/\/mediarun.com\/pl\/media\/tv\/trzy-tysiace-faktow.html","title":{"rendered":"Trzy tysi\u0105ce Fakt\u00f3w"},"content":{"rendered":"<p><P>Ludzie Fakt\u00f3w zaczynaj\u0105 prac\u0119 o 9 rano. Wtedy jeszcze bez charakterystycznej dla p\u00f3\u017aniejszych godzin nerwowo\u015bci. Najpierw &#8222;pras\u00f3wka&#8221;, kawa i lu\u017ana rozmowa. Potem ma\u0142e kolegium, czyli rozmowa prowadz\u0105cego z redaktorem naczelnym Adamem Pieczy\u0144skim i g\u0142\u00f3wnym wydawc\u0105 Grzegorzem J\u0119drzejowskim. Oko\u0142o 9.45 ju\u017c regularne kolegium. Ustalanie temat\u00f3w, wolne wnioski. &#8211; Czasami u\u017cywamy dosadnych s\u0142\u00f3w, ale inaczej si\u0119 nie da &#8211; m\u00f3wi J\u0119drzejowski &#8211; bo w Faktach pracuj\u0105 silne osobowo\u015bci.<\/P><br \/>\n<P>Potem robi si\u0119 ju\u017c coraz gor\u0119cej i gor\u0119cej, szybciej i szybciej&#8230; a\u017c do 19. Na koniec znowu kawa. I tak ka\u017cdego dnia.<\/P><br \/>\n<P>Wszystko zacz\u0119\u0142o si\u0119 osiem lat temu, w pa\u017adzierniku 1997 r. Wtedy widz\u00f3w TVN-u powita\u0142 dumny i przej\u0119ty Tomasz Lis. To jemu w\u0142a\u015bnie w du\u017cej, je\u015bli nie decyduj\u0105cej, mierze Fakty zawdzi\u0119czaj\u0105 sw\u00f3j sukces. Stworzy\u0142 przecie\u017c pierwsz\u0105 redakcj\u0119 i wykreowa\u0142 specyficzny, sugestywny spos\u00f3b prezentowania news\u00f3w. &#8211; Czas rodzenia si\u0119 Fakt\u00f3w to czas nadziei, \u017ce uda si\u0119 stworzy\u0107 co\u015b, co b\u0119dzie mia\u0142o now\u0105, lepsz\u0105 jako\u015b\u0107, ale te\u017c wielu obaw &#8211; wspomina Lis. &#8211; Mia\u0142em pewno\u015b\u0107, \u017ce wiem, co trzeba zrobi\u0107, aby by\u0142 to najlepszy program informacyjny. Ale wiadomo, \u017ce wszystko weryfikuje si\u0119 w dzia\u0142aniu.<\/P><br \/>\n<P>Dzi\u015b tw\u00f3rca Fakt\u00f3w (obecnie w Polsacie) najlepiej wspomina zesp\u00f3\u0142. &#8211; Wszyscy uro\u015bli\u015bmy na Faktach. Dzisiaj jestem w nieco schizofrenicznej sytuacji, bo z jednej strony tworz\u0119 zesp\u00f3\u0142 polsatowskich Wydarze\u0144, staram si\u0119, by by\u0142y coraz lepsze. A z drugiej strony ciesz\u0119 si\u0119 jak dziecko, kiedy widz\u0119 dobrze zrobiony materia\u0142 przez Tomka Sekielskiego, Tomka Sianeckiego w Faktach albo Miko\u0142aja Kunicy w Wiadomo\u015bciach.<\/P><br \/>\n<P>Gdy Lis odchodzi\u0142 z Fakt\u00f3w, nawet w\u015br\u00f3d tych, kt\u00f3rzy zdecydowali si\u0119 zosta\u0107, pojawi\u0142 si\u0119 niepok\u00f3j o przysz\u0142o\u015b\u0107 programu. &#8211; Przyznam, \u017ce gdyby Tomek nie dokr\u0119ci\u0142 na pocz\u0105tku \u015bruby, to teraz pewnie nie by\u0142oby czego \u015bwi\u0119towa\u0107 &#8211; m\u00f3wi g\u0142\u00f3wny wydawca Fakt\u00f3w Grzegorz J\u0119drzejowski. &#8211; Po jego odej\u015bciu ba\u0142em si\u0119, \u017ce nam si\u0119 nie uda. Ale na szcz\u0119\u015bcie ca\u0142a ekipa okaza\u0142a si\u0119 na tyle dobra, \u017ce dali\u015bmy sobie rad\u0119.<\/P><br \/>\n<P>Dziennikarze innych redakcji patrzyli cz\u0119sto na ekip\u0119 Fakt\u00f3w z zazdro\u015bci\u0105. &#8211; Ja nie musia\u0142am nikomu zazdro\u015bci\u0107 &#8211; m\u00f3wi Justyna Pochanke, najpopularniejsza dzi\u015b dziennikarka Fakt\u00f3w i dziennikarz roku 2005 -ale przyznaj\u0119, \u017ce pracuj\u0105c w TVN 24, zawsze wiedzia\u0142am, \u017ce Fakty to taki szczyt informacyjnej g\u00f3ry. Praca w Faktach to jednak te\u017c straszny stres. W ci\u0105gu 20 minut trzeba powiedzie\u0107 wszystko, co najwa\u017cniejsze i trafi\u0107 do ludzi. Trzeba pami\u0119ta\u0107, \u017ce wszystkie informacje, kt\u00f3re czytam w Faktach s\u0105 napisane przeze mnie. Zreszt\u0105 to w Faktach norma. Ka\u017cdy prowadz\u0105cy przygotowuje wszystkie teksty sam. Jest u nas te\u017c miejsce na interpretacj\u0119 tekstu. Obiektywizm to wed\u0142ug mnie pokazanie jakiej\u015b sprawy politycznej z kilku punkt\u00f3w widzenia, ale mo\u017cna pokaza\u0107, \u017ce ma si\u0119 jaki\u015b osobisty stosunek do tematu. I nie zawsze trzeba to m\u00f3wi\u0107. Wystarczy pokaza\u0107.<\/P><br \/>\n<P>Fakty s\u0105 chyba jedynym programem informacyjnym, w jakim znalaz\u0142o si\u0119 miejsce na felieton. Jego mistrzem jest Tomasz Sianecki, najstarszy w zespole. &#8211; To nie by\u0142o tak, \u017ce przyszed\u0142em do stacji z gotow\u0105 formu\u0142\u0105 &#8211; m\u00f3wi Sianecki &#8211; By\u0142 to taki rodzaj gry mi\u0119dzy Tomkiem Lisem a mn\u0105. On wymy\u015bla\u0142 tematy, kt\u00f3re nie by\u0142y przek\u0142adalne na telewizj\u0119, a ja lekko pewnie z\u0142o\u015bliwie robi\u0142em to na sw\u00f3j spos\u00f3b. No i tak to posz\u0142o.<\/P><br \/>\n<P>By\u0142 te\u017c w historii Fakt\u00f3w moment naprawd\u0119 wielkiej pr\u00f3by, jeden z najtrudniejszych. Pewnego dnia na ekranach pojawi\u0142 si\u0119 kto\u015b, kto wygl\u0105da\u0142 jak obcy cz\u0142owiek, ale ten g\u0142os&#8230; wszyscy go znali. To by\u0142 walcz\u0105cy ze \u015bmierteln\u0105 chorob\u0105 Marcin Paw\u0142owski zmieniony nie do poznania. Kierownictwo stacji i szefostwo Fakt\u00f3w wiedzieli, \u017ce Marcinowi potrzebny by\u0142 powr\u00f3t na anten\u0119. Potem by\u0142o ostatnie po\u017cegnanie Marcina w materiale Tomasza Sianeckiego. Wzruszaj\u0105ce i szczere. Tego si\u0119 nie zapomina. &#8211; Przyznam, \u017ce by\u0142a to najbardziej osobista rzecz, jak\u0105 zrobi\u0142em jako dziennikarz. Nie potrafi\u0142em zdoby\u0107 si\u0119 ani na obiektywizm, ani na \u017caden dystans. Ale chyba nie musz\u0119 si\u0119 tego teraz wstydzi\u0107. Raz w \u017cyciu mo\u017cna &#8211; i oby tylko raz &#8211; pozwoli\u0107 sobie na tak\u0105 prywat\u0119 &#8211; m\u00f3wi dzi\u015b o tym Sianecki. Ja te\u017c chcia\u0142bym, \u017ceby nie by\u0142o ju\u017c wi\u0119cej ku temu powod\u00f3w.<\/P><\/p>\n","protected":false},"excerpt":{"rendered":"Wczoraj dziennik Fakty obchodzi\u0142 jubileusz. O 19:00 ukaza\u0142 si\u0119 na antenie TVN po raz 3000. Program informacyjny stacji zadebiutowa\u0142 3 pa\u017adziernika o godz. 19:30.","protected":false},"author":1,"featured_media":83348,"comment_status":"open","ping_status":"closed","sticky":false,"template":"","format":"standard","meta":{"csco_display_header_overlay":false,"csco_singular_sidebar":"","csco_page_header_type":"","csco_page_load_nextpost":"","csco_post_video_location":[],"csco_post_video_location_hash":"","csco_post_video_url":"","csco_post_video_bg_start_time":0,"csco_post_video_bg_end_time":0,"footnotes":""},"categories":[9670],"tags":[],"class_list":{"0":"post-83347","1":"post","2":"type-post","3":"status-publish","4":"format-standard","5":"has-post-thumbnail","7":"category-tv","8":"cs-entry","9":"cs-video-wrap"},"_links":{"self":[{"href":"https:\/\/mediarun.com\/pl\/wp-json\/wp\/v2\/posts\/83347","targetHints":{"allow":["GET"]}}],"collection":[{"href":"https:\/\/mediarun.com\/pl\/wp-json\/wp\/v2\/posts"}],"about":[{"href":"https:\/\/mediarun.com\/pl\/wp-json\/wp\/v2\/types\/post"}],"author":[{"embeddable":true,"href":"https:\/\/mediarun.com\/pl\/wp-json\/wp\/v2\/users\/1"}],"replies":[{"embeddable":true,"href":"https:\/\/mediarun.com\/pl\/wp-json\/wp\/v2\/comments?post=83347"}],"version-history":[{"count":0,"href":"https:\/\/mediarun.com\/pl\/wp-json\/wp\/v2\/posts\/83347\/revisions"}],"wp:featuredmedia":[{"embeddable":true,"href":"https:\/\/mediarun.com\/pl\/wp-json\/wp\/v2\/media\/83348"}],"wp:attachment":[{"href":"https:\/\/mediarun.com\/pl\/wp-json\/wp\/v2\/media?parent=83347"}],"wp:term":[{"taxonomy":"category","embeddable":true,"href":"https:\/\/mediarun.com\/pl\/wp-json\/wp\/v2\/categories?post=83347"},{"taxonomy":"post_tag","embeddable":true,"href":"https:\/\/mediarun.com\/pl\/wp-json\/wp\/v2\/tags?post=83347"}],"curies":[{"name":"wp","href":"https:\/\/api.w.org\/{rel}","templated":true}]}}