{"id":83333,"date":"2005-12-20T11:16:10","date_gmt":"2005-12-20T10:16:10","guid":{"rendered":"https:\/\/mediarun.com\/index.php\/news-posts\/totalizator-sportowy-z-o-rydzykiem\/"},"modified":"2005-12-20T11:16:10","modified_gmt":"2005-12-20T10:16:10","slug":"totalizator-sportowy-z-o-rydzykiem","status":"publish","type":"post","link":"https:\/\/mediarun.com\/pl\/media\/radio\/totalizator-sportowy-z-o-rydzykiem.html","title":{"rendered":"Totalizator Sportowy z o. Rydzykiem?"},"content":{"rendered":"<p>&#8222;Zasady wykorzystywania funduszy unijnych&#8221; &#8211; tak wed\u0142ug plan\u00f3w o. Rydzyka, kt\u00f3ry jest rektorem toru\u0144skiej Wy\u017cszej Szko\u0142y Kultury Spo\u0142ecznej i Medialnej, ma si\u0119 nazywa\u0107 nowy kierunek studi\u00f3w podyplomowych na uczelni. Pierwsze zaj\u0119cia zaczn\u0105 si\u0119 ju\u017c w po\u0142owie lutego. &#8211; B\u0119dzie specjalne studium &#8211; zapowiedzia\u0142 o. Rydzyk, kt\u00f3ry w sobot\u0119 wieczorem po\u0142\u0105czy\u0142 si\u0119 telefonicznie ze swoj\u0105 stacj\u0105. &#8211; Organizujemy to ze Zrzeszeniem Prawnik\u00f3w Polskich i przy wsparciu finansowym Totalizatora Sportowego, a materia\u0142y dydaktyczne b\u0119d\u0105 drukowane w &#8222;Naszym Dzienniku&#8221;. Mam nadziej\u0119, \u017ce z rz\u0105du nie b\u0119d\u0105 przeciwko nam. Raczej wychodzimy naprzeciw spo\u0142ecze\u0144stwu i pomagamy wszystkim. I samorz\u0105dom, i rz\u0105dom.<\/p>\n<p>&#8211; Duchowny nie powiedzia\u0142, ile Totalizator, kt\u00f3ry jest sp\u00f3\u0142k\u0105 skarbu pa\u0144stwa, przeka\u017ce jego uczelni, ani na czym ma polega\u0107 jego wsparcie. &#8211; informuje dziennik<\/p>\n<p>Wed\u0142ug &#8222;Gazety Wyborczej&#8221;, prowadz\u0105cy audycj\u0119 o. Jan Kr\u00f3l, najbli\u017cszy wsp\u00f3\u0142pracownik ojca dyrektora, ucieszy\u0142 si\u0119 z rektorskich plan\u00f3w Rydzyka. &#8211; Jako kwestor uczelni jestem jak najbardziej za &#8211; oznajmi\u0142. &#8211; Zw\u0142aszcza ciesz\u0119 si\u0119 z tych funduszy, kt\u00f3re mog\u0105 wp\u0142yn\u0105\u0107 do uczelni.<\/p>\n","protected":false},"excerpt":{"rendered":"Jak informuje &#8222;Gazeta Wyborcza&#8221;, uczelnia ojca Rydzyka b\u0119dzie szkoli\u0107 samorz\u0105dowc\u00f3w, jak zdobywa\u0107 pieni\u0105dze z Unii Europejskiej. &#8211; Organizujemy to przy wsparciu finansowym Totalizatora Sportowego &#8211; oznajmi\u0142 na antenie Radia Maryja dyrektor rozg\u0142o\u015bni. Totalizator nie zaprzecza.","protected":false},"author":1,"featured_media":0,"comment_status":"open","ping_status":"closed","sticky":false,"template":"","format":"standard","meta":{"csco_display_header_overlay":false,"csco_singular_sidebar":"","csco_page_header_type":"","csco_page_load_nextpost":"","csco_post_video_location":[],"csco_post_video_location_hash":"","csco_post_video_url":"","csco_post_video_bg_start_time":0,"csco_post_video_bg_end_time":0,"footnotes":""},"categories":[9672],"tags":[],"class_list":{"0":"post-83333","1":"post","2":"type-post","3":"status-publish","4":"format-standard","6":"category-radio","7":"cs-entry","8":"cs-video-wrap"},"_links":{"self":[{"href":"https:\/\/mediarun.com\/pl\/wp-json\/wp\/v2\/posts\/83333","targetHints":{"allow":["GET"]}}],"collection":[{"href":"https:\/\/mediarun.com\/pl\/wp-json\/wp\/v2\/posts"}],"about":[{"href":"https:\/\/mediarun.com\/pl\/wp-json\/wp\/v2\/types\/post"}],"author":[{"embeddable":true,"href":"https:\/\/mediarun.com\/pl\/wp-json\/wp\/v2\/users\/1"}],"replies":[{"embeddable":true,"href":"https:\/\/mediarun.com\/pl\/wp-json\/wp\/v2\/comments?post=83333"}],"version-history":[{"count":0,"href":"https:\/\/mediarun.com\/pl\/wp-json\/wp\/v2\/posts\/83333\/revisions"}],"wp:attachment":[{"href":"https:\/\/mediarun.com\/pl\/wp-json\/wp\/v2\/media?parent=83333"}],"wp:term":[{"taxonomy":"category","embeddable":true,"href":"https:\/\/mediarun.com\/pl\/wp-json\/wp\/v2\/categories?post=83333"},{"taxonomy":"post_tag","embeddable":true,"href":"https:\/\/mediarun.com\/pl\/wp-json\/wp\/v2\/tags?post=83333"}],"curies":[{"name":"wp","href":"https:\/\/api.w.org\/{rel}","templated":true}]}}