{"id":83332,"date":"2005-12-20T11:19:32","date_gmt":"2005-12-20T10:19:32","guid":{"rendered":"https:\/\/mediarun.com\/index.php\/news-posts\/blad-w-ustawie-o-rtv\/"},"modified":"2005-12-20T11:19:32","modified_gmt":"2005-12-20T10:19:32","slug":"blad-w-ustawie-o-rtv","status":"publish","type":"post","link":"https:\/\/mediarun.com\/pl\/media\/tv\/blad-w-ustawie-o-rtv.html","title":{"rendered":"B\u0142\u0105d w ustawie o rtv"},"content":{"rendered":"<p>&#8211; Nie zamierzam rozdziera\u0107 szat z powodu zmniejszenia liczby cz\u0142onk\u00f3w KRRiT czy likwidacji Urz\u0119du Regulacji Telekomunikacji i Poczty. Chc\u0119 za to zwr\u00f3ci\u0107 uwag\u0119 na to, \u017ce w cz\u0119\u015bci dotycz\u0105cej zasad przydzielania nadawcom koncesji nowelizacja przyniesie albo niewyobra\u017calny chaos na rynku medi\u00f3w elektronicznych, albo rehabilitacj\u0119 Romana Giertycha w oczach ojca Tadeusza Rydzyka. &#8211; pisze Kazimierz Gr\u00f3dek, prezes zarz\u0105du Radia RMF FM<\/p>\n<p>-&#8222;Jeszcze w pi\u0105tek rano projekt nowelizacji przewidywa\u0142, \u017ce dotychczasowi nadawcy prowadz\u0105cy dzia\u0142alno\u015b\u0107 zgodn\u0105 z prawem b\u0119d\u0105 mogli odnowi\u0107 koncesj\u0119 z pomini\u0119ciem samowoli urz\u0119dnik\u00f3w KRRiT (mia\u0142 im to zagwarantowa\u0107 nowy art. 35a). Ale jeszcze tego samego dnia w drugim czytaniu Roman Giertych do\u0142o\u017cy\u0142 w artykule 35a s\u0142owo &#8222;spo\u0142eczny&#8221; i tym samym pogrzeba\u0142 nadzieje wszystkich innych nadawc\u00f3w. Bo status nadawcy spo\u0142ecznego ma tylko jedna szerzej znana stacja &#8211; radio ojca Rydzyka.&#8221; &#8211; dodaje Gr\u00f3dek<\/p>\n<p>&#8211; Wprawdzie w punkcie 3 art. 35a zabrak\u0142o odwo\u0142ania si\u0119 do poj\u0119cia nadawcy spo\u0142ecznego, ale by\u0107 mo\u017ce to jedynie wynik przeoczenia autora poprawki pos\u0142a Romana Giertycha (LPR). Je\u015bli tak, to Giertych zas\u0142u\u017cy\u0142 sobie na order od ojca Tadeusza, bo tylko Radio Maryja b\u0119dzie beneficjentem tej poprawki. Zas\u0142uga by\u0142aby tym wi\u0119ksza, \u017ce w przyj\u0119tym przez Sejm kszta\u0142cie nowelizacja pozwala na udzielenie koncesji Radiu Maryja na okres nawet do 50 lat! Zgodnie z art. 35a ust. 3 przy odnawianiu koncesji nie b\u0119d\u0105 mia\u0142y zastosowania przepisy ustawy o radiofonii i telewizji okre\u015blaj\u0105ce d\u0142ugo\u015b\u0107 koncesji. B\u0119dzie tu mo\u017cna zastosowa\u0107 art. 47 ust. 3 ustawy o swobodzie dzia\u0142alno\u015bci gospodarczej, kt\u00f3ry m\u00f3wi o koncesjach udzielanych na 5-50 lat. &#8211; czytamy w &#8222;GW&#8221;<\/p>\n","protected":false},"excerpt":{"rendered":"Dotychczasowy chaos w funkcjonowaniu medi\u00f3w, wywo\u0142ywany zwykle dzia\u0142aniami Krajowej Rady Radiofonii i Telewizji, jest niczym wobec tego, co nam grozi, je\u015bli wejdzie w \u017cycie nowelizacja ustawy medialnej. Senat ma nad ni\u0105 obradowa\u0107 na rozpoczynaj\u0105cym si\u0119 jutro posiedzeniu &#8211; pisze &#8222;Gazecie Wyborczej&#8221; prezes Radia RMF FM","protected":false},"author":1,"featured_media":0,"comment_status":"open","ping_status":"closed","sticky":false,"template":"","format":"standard","meta":{"csco_display_header_overlay":false,"csco_singular_sidebar":"","csco_page_header_type":"","csco_page_load_nextpost":"","csco_post_video_location":[],"csco_post_video_location_hash":"","csco_post_video_url":"","csco_post_video_bg_start_time":0,"csco_post_video_bg_end_time":0,"footnotes":""},"categories":[9670],"tags":[],"class_list":{"0":"post-83332","1":"post","2":"type-post","3":"status-publish","4":"format-standard","6":"category-tv","7":"cs-entry","8":"cs-video-wrap"},"_links":{"self":[{"href":"https:\/\/mediarun.com\/pl\/wp-json\/wp\/v2\/posts\/83332","targetHints":{"allow":["GET"]}}],"collection":[{"href":"https:\/\/mediarun.com\/pl\/wp-json\/wp\/v2\/posts"}],"about":[{"href":"https:\/\/mediarun.com\/pl\/wp-json\/wp\/v2\/types\/post"}],"author":[{"embeddable":true,"href":"https:\/\/mediarun.com\/pl\/wp-json\/wp\/v2\/users\/1"}],"replies":[{"embeddable":true,"href":"https:\/\/mediarun.com\/pl\/wp-json\/wp\/v2\/comments?post=83332"}],"version-history":[{"count":0,"href":"https:\/\/mediarun.com\/pl\/wp-json\/wp\/v2\/posts\/83332\/revisions"}],"wp:attachment":[{"href":"https:\/\/mediarun.com\/pl\/wp-json\/wp\/v2\/media?parent=83332"}],"wp:term":[{"taxonomy":"category","embeddable":true,"href":"https:\/\/mediarun.com\/pl\/wp-json\/wp\/v2\/categories?post=83332"},{"taxonomy":"post_tag","embeddable":true,"href":"https:\/\/mediarun.com\/pl\/wp-json\/wp\/v2\/tags?post=83332"}],"curies":[{"name":"wp","href":"https:\/\/api.w.org\/{rel}","templated":true}]}}