{"id":83325,"date":"2005-12-20T11:32:51","date_gmt":"2005-12-20T10:32:51","guid":{"rendered":"https:\/\/mediarun.com\/index.php\/news-posts\/biskupi-zajma-sie-radiem-maryja\/"},"modified":"2005-12-20T11:32:51","modified_gmt":"2005-12-20T10:32:51","slug":"biskupi-zajma-sie-radiem-maryja","status":"publish","type":"post","link":"https:\/\/mediarun.com\/pl\/media\/radio\/biskupi-zajma-sie-radiem-maryja.html","title":{"rendered":"Biskupi zajm\u0105 si\u0119 Radiem Maryja"},"content":{"rendered":"<p>&#8211; Sprawa Radia Maryja nabra\u0142a tempa po wizycie biskup\u00f3w (zwanej ad limina apostolorum) w Watykanie. Biskupi ka\u017cdej z trzech grup rozmawiali w Watykanie o radiu ojca Rydzyka. Konsultacje prowadzili w Kongregacji Nauki Wiary, Papieskiej Radzie do spraw \u015awieckich oraz w Kongregacji Instytut\u00f3w \u017bycia Konsekrowanego (tej kongregacji podlega zakon redemptoryst\u00f3w, w\u0142a\u015bciciel radia). Biskupi dowiedzieli si\u0119 raz jeszcze, \u017ce problem musz\u0105 rozwi\u0105za\u0107 sami. M\u00f3wi\u0142 im o tym m.in. abp Franc Rode, przewodnicz\u0105cy Kongregacji Instytut\u00f3w \u017bycia Konsekrowanego. &#8211; pisze &#8222;Rzeczpospolita&#8221;<\/p>\n<p>&#8211; Gotowych rozwi\u0105za\u0144 nie ma &#8211; przyzna\u0142 bp Libera. &#8211; Trzeba bo\u017cej m\u0105dro\u015bci, by oddzieli\u0107 ziarno od plew, by niczego nie zepsu\u0107, a w\u0105tki pozytywne, kt\u00f3rych nie brakuje, uwypukli\u0107 i rozwin\u0105\u0107.<\/p>\n<p>Zdaniem biskupa radomskiego Zygmunta Zimowskiego, aby dosz\u0142o do rozwi\u0105zania problemu, &#8222;trzeba otwarcia ze strony Radia Maryja, a konkretnie o. Rydzyka&#8221;. <\/p>\n","protected":false},"excerpt":{"rendered":"&#8211; Radio Maryja budzi niepok\u00f3j polskich biskup\u00f3w &#8211; o\u015bwiadczy\u0142 wczoraj bp Piotr Libera, sekretarz generalny Konferencji Episkopatu Polski. Biskupi zajm\u0105 si\u0119 problemem radia na najbli\u017cszym spotkaniu, pod koniec stycznia. &#8211; czytamy w &#8222;Rzeczpospolitej&#8221;","protected":false},"author":1,"featured_media":0,"comment_status":"open","ping_status":"closed","sticky":false,"template":"","format":"standard","meta":{"csco_display_header_overlay":false,"csco_singular_sidebar":"","csco_page_header_type":"","csco_page_load_nextpost":"","csco_post_video_location":[],"csco_post_video_location_hash":"","csco_post_video_url":"","csco_post_video_bg_start_time":0,"csco_post_video_bg_end_time":0,"footnotes":""},"categories":[9672],"tags":[],"class_list":{"0":"post-83325","1":"post","2":"type-post","3":"status-publish","4":"format-standard","6":"category-radio","7":"cs-entry","8":"cs-video-wrap"},"_links":{"self":[{"href":"https:\/\/mediarun.com\/pl\/wp-json\/wp\/v2\/posts\/83325","targetHints":{"allow":["GET"]}}],"collection":[{"href":"https:\/\/mediarun.com\/pl\/wp-json\/wp\/v2\/posts"}],"about":[{"href":"https:\/\/mediarun.com\/pl\/wp-json\/wp\/v2\/types\/post"}],"author":[{"embeddable":true,"href":"https:\/\/mediarun.com\/pl\/wp-json\/wp\/v2\/users\/1"}],"replies":[{"embeddable":true,"href":"https:\/\/mediarun.com\/pl\/wp-json\/wp\/v2\/comments?post=83325"}],"version-history":[{"count":0,"href":"https:\/\/mediarun.com\/pl\/wp-json\/wp\/v2\/posts\/83325\/revisions"}],"wp:attachment":[{"href":"https:\/\/mediarun.com\/pl\/wp-json\/wp\/v2\/media?parent=83325"}],"wp:term":[{"taxonomy":"category","embeddable":true,"href":"https:\/\/mediarun.com\/pl\/wp-json\/wp\/v2\/categories?post=83325"},{"taxonomy":"post_tag","embeddable":true,"href":"https:\/\/mediarun.com\/pl\/wp-json\/wp\/v2\/tags?post=83325"}],"curies":[{"name":"wp","href":"https:\/\/api.w.org\/{rel}","templated":true}]}}