{"id":83323,"date":"2005-12-20T11:35:46","date_gmt":"2005-12-20T10:35:46","guid":{"rendered":"https:\/\/mediarun.com\/index.php\/news-posts\/kandydaci-do-krrit\/"},"modified":"2005-12-20T11:35:46","modified_gmt":"2005-12-20T10:35:46","slug":"kandydaci-do-krrit","status":"publish","type":"post","link":"https:\/\/mediarun.com\/pl\/media\/tv\/kandydaci-do-krrit.html","title":{"rendered":"Kandydaci do KRRiT"},"content":{"rendered":"<p>PiS zapewnia\u0142, \u017ce b\u0119d\u0105 to eksperci. &#8211; W toku prac nad ustaw\u0105 wybuch\u0142o wiele emocji politycznych. Mog\u0105 mie\u0107 one wp\u0142yw na dalsze rozstrzygni\u0119cia i sk\u0142ania\u0107 do my\u015blenia o twardych rozwi\u0105zaniach personalnych &#8211; m\u00f3wi &#8222;Rzeczpospolitej&#8221;  dzi\u015b wiceminister kultury Jaros\u0142aw Sellin (PiS). Obwinia o to kluby, kt\u00f3re gwa\u0142townie protestowa\u0142y przeciw nowej ustawie: PO, SLD, PSL. Jednym z pewnych kandydat\u00f3w Samoobrony do Krajowej Rady jest Tomasz Borysiuk, syn Boles\u0142awa Borysiuka, pos\u0142a tej partii z Lublina. &#8211; B\u0119dzie brany pod uwag\u0119 &#8211; potwierdza &#8222;Rz&#8221; Janusz Maksymiuk, jeden z lider\u00f3w partii, kt\u00f3ra chce zaproponowa\u0107 do KRRiT jedn\u0105 b\u0105d\u017a dwie osoby. <\/p>\n<p>&#8211; Borysiuk by\u0142 m.in. wydawc\u0105 programu &#8222;Go\u015b\u0107 Jedynki&#8221;, w kt\u00f3rym dziennikarz TVP Piotr Gembarowski tu\u017c przed wyborami w 2000 roku zaatakowa\u0142 kandydata na prezydenta Mariana Krzaklewskiego. &#8211; pisze dziennik<\/p>\n<p>LPR zapewnia, \u017ce ma dwie kandydatury. Jedn\u0105 z nich ma by\u0107 Jan Maria Jackowski, obecnie s\u0119dzia Trybuna\u0142u Stanu. Jako swego kandydata cz\u0119\u015b\u0107 PiS wymienia Wojciecha Reszczy\u0144skiego, za\u0142o\u017cyciela Radia WAWA, o kt\u00f3rym &#8222;Nasz Dziennik&#8221; pisze z uznaniem jako &#8222;cz\u0142owieku dobijaj\u0105cym si\u0119 o prawd\u0119&#8221;. PiS rekomendowa\u0142o go do rady ju\u017c w kwietniu tego roku, kiedy Sejm uzupe\u0142nia\u0142 sk\u0142ad KRRiT po up\u0142ywie kadencji Juliusza Brauna i Jaros\u0142awa Sellina. Dzisiaj jednak wielu pos\u0142om PiS ta kandydatura nie odpowiada. Kandydatk\u0105 PiS by\u0142a w kwietniu r\u00f3wnie\u017c Magdalena Bajer, szefowa Rady Etyki Medi\u00f3w. Przedstawiciele PiS m\u00f3wi\u0105 dzi\u015b, \u017ce to dobra kandydatura. Bajer informuje, \u017ce nie rozmawia\u0142a jednak z nikim o ponownym kandydowaniu do KRRiT. PO i SLD zapowiedzia\u0142y ju\u017c, \u017ce nie wystawi\u0105 swoich kandydat\u00f3w do KRRiT. &#8211; czytamy w &#8222;Rzeczpospolitej&#8221;<\/p>\n","protected":false},"excerpt":{"rendered":"Wojciech Reszczy\u0144ski, Magdalena Bajer, Tomasz Borysiuk i Jan Maria Jackowski &#8211; to wed\u0142ug &#8222;Rzeczpospolitej&#8221; pierwsze osoby typowane do Krajowej Rady Radiofonii i Telewizji","protected":false},"author":1,"featured_media":83324,"comment_status":"open","ping_status":"closed","sticky":false,"template":"","format":"standard","meta":{"csco_display_header_overlay":false,"csco_singular_sidebar":"","csco_page_header_type":"","csco_page_load_nextpost":"","csco_post_video_location":[],"csco_post_video_location_hash":"","csco_post_video_url":"","csco_post_video_bg_start_time":0,"csco_post_video_bg_end_time":0,"footnotes":""},"categories":[9670],"tags":[],"class_list":{"0":"post-83323","1":"post","2":"type-post","3":"status-publish","4":"format-standard","5":"has-post-thumbnail","7":"category-tv","8":"cs-entry","9":"cs-video-wrap"},"_links":{"self":[{"href":"https:\/\/mediarun.com\/pl\/wp-json\/wp\/v2\/posts\/83323","targetHints":{"allow":["GET"]}}],"collection":[{"href":"https:\/\/mediarun.com\/pl\/wp-json\/wp\/v2\/posts"}],"about":[{"href":"https:\/\/mediarun.com\/pl\/wp-json\/wp\/v2\/types\/post"}],"author":[{"embeddable":true,"href":"https:\/\/mediarun.com\/pl\/wp-json\/wp\/v2\/users\/1"}],"replies":[{"embeddable":true,"href":"https:\/\/mediarun.com\/pl\/wp-json\/wp\/v2\/comments?post=83323"}],"version-history":[{"count":0,"href":"https:\/\/mediarun.com\/pl\/wp-json\/wp\/v2\/posts\/83323\/revisions"}],"wp:featuredmedia":[{"embeddable":true,"href":"https:\/\/mediarun.com\/pl\/wp-json\/wp\/v2\/media\/83324"}],"wp:attachment":[{"href":"https:\/\/mediarun.com\/pl\/wp-json\/wp\/v2\/media?parent=83323"}],"wp:term":[{"taxonomy":"category","embeddable":true,"href":"https:\/\/mediarun.com\/pl\/wp-json\/wp\/v2\/categories?post=83323"},{"taxonomy":"post_tag","embeddable":true,"href":"https:\/\/mediarun.com\/pl\/wp-json\/wp\/v2\/tags?post=83323"}],"curies":[{"name":"wp","href":"https:\/\/api.w.org\/{rel}","templated":true}]}}