{"id":83321,"date":"2005-12-20T11:47:35","date_gmt":"2005-12-20T10:47:35","guid":{"rendered":"https:\/\/mediarun.com\/index.php\/news-posts\/kolonko-wroci-do-telewizji\/"},"modified":"2005-12-20T11:47:35","modified_gmt":"2005-12-20T10:47:35","slug":"kolonko-wroci-do-telewizji","status":"publish","type":"post","link":"https:\/\/mediarun.com\/pl\/media\/tv\/kolonko-wroci-do-telewizji.html","title":{"rendered":"Kolonko wr\u00f3ci do telewizji"},"content":{"rendered":"<p> &#8211; Po wyk\u0142adzie przez p\u00f3\u0142 godziny rozdawa\u0142 autografy. Zdradzi\u0142 przy okazji, \u017ce napisa\u0142 ksi\u0105\u017ck\u0119. &#8222;Odkrywanie Ameryki &#8211; moje zapiski w Jeepie&#8221; uka\u017ce si\u0119 w kwietniu. Debiut Maksa, wed\u0142ug jego zapewnie\u0144, b\u0119dzie ciekawy i tani &#8211; donosi dziennik<\/p>\n<p>&#8222;Z dziennikarstwa Max nie zrezygnowa\u0142. Po narzeczonej &#8211; Wronice Rosati (21 l.) &#8211; telewizja to druga jego wielka mi\u0142o\u015b\u0107. Czy w styczniu zobaczymy go na szklanym ekranie? By\u0142y korespondent &#8222;Wiadomo\u015bci&#8221; i &#8222;Panoramy&#8221; TVP prowadzi zaawansowane, jak twierdzi, rozmowy o wsp\u00f3\u0142pracy z dwiema stacjami telewizyjnymi.&#8221; &#8211; czytamy w &#8222;Super Expressie&#8221;<\/p>\n<p> &#8211; Niekoniecznie b\u0119dzie to komercja &#8211; uchyla r\u0105bka tajemnicy Kolonko. <\/p>\n","protected":false},"excerpt":{"rendered":"&#8211; Wci\u0105\u017c bezrobotny Max Kolonko sprawdzi\u0142 si\u0119 jako wyk\u0142adowca. W Wy\u017cszej Szkole Gospodarki w rodzinnej Bydgoszczy opowiada\u0142 o realiach biznesu w USA i o swej przygodzie z telewizj\u0105. &#8211; pisze wtorkowy &#8222;Super Express&#8221;","protected":false},"author":1,"featured_media":0,"comment_status":"open","ping_status":"closed","sticky":false,"template":"","format":"standard","meta":{"csco_display_header_overlay":false,"csco_singular_sidebar":"","csco_page_header_type":"","csco_page_load_nextpost":"","csco_post_video_location":[],"csco_post_video_location_hash":"","csco_post_video_url":"","csco_post_video_bg_start_time":0,"csco_post_video_bg_end_time":0,"footnotes":""},"categories":[9670],"tags":[],"class_list":{"0":"post-83321","1":"post","2":"type-post","3":"status-publish","4":"format-standard","6":"category-tv","7":"cs-entry","8":"cs-video-wrap"},"_links":{"self":[{"href":"https:\/\/mediarun.com\/pl\/wp-json\/wp\/v2\/posts\/83321","targetHints":{"allow":["GET"]}}],"collection":[{"href":"https:\/\/mediarun.com\/pl\/wp-json\/wp\/v2\/posts"}],"about":[{"href":"https:\/\/mediarun.com\/pl\/wp-json\/wp\/v2\/types\/post"}],"author":[{"embeddable":true,"href":"https:\/\/mediarun.com\/pl\/wp-json\/wp\/v2\/users\/1"}],"replies":[{"embeddable":true,"href":"https:\/\/mediarun.com\/pl\/wp-json\/wp\/v2\/comments?post=83321"}],"version-history":[{"count":0,"href":"https:\/\/mediarun.com\/pl\/wp-json\/wp\/v2\/posts\/83321\/revisions"}],"wp:attachment":[{"href":"https:\/\/mediarun.com\/pl\/wp-json\/wp\/v2\/media?parent=83321"}],"wp:term":[{"taxonomy":"category","embeddable":true,"href":"https:\/\/mediarun.com\/pl\/wp-json\/wp\/v2\/categories?post=83321"},{"taxonomy":"post_tag","embeddable":true,"href":"https:\/\/mediarun.com\/pl\/wp-json\/wp\/v2\/tags?post=83321"}],"curies":[{"name":"wp","href":"https:\/\/api.w.org\/{rel}","templated":true}]}}