{"id":83320,"date":"2005-12-20T11:51:26","date_gmt":"2005-12-20T10:51:26","guid":{"rendered":"https:\/\/mediarun.com\/index.php\/news-posts\/upc-przejmie-mniejszych\/"},"modified":"2005-12-20T11:51:26","modified_gmt":"2005-12-20T10:51:26","slug":"upc-przejmie-mniejszych","status":"publish","type":"post","link":"https:\/\/mediarun.com\/pl\/media\/tv\/upc-przejmie-mniejszych.html","title":{"rendered":"UPC przejmie mniejszych"},"content":{"rendered":"<p>&#8211; Najwi\u0119ksi operatorzy kablowi przy\u015bpieszyli w wy\u015bcigu o przej\u0119cia mniejszych operator\u00f3w kablowych na rynku. Wed\u0142ug naszych informacji, rozmowy z czterema mniejszymi operatorami w kilku regionach Polski prowadzi tr\u00f3jmiejska Vectra, kt\u00f3ra ma 620 tys. abonent\u00f3w. &#8211; informuje 'Gazeta Prawna&#8221;<\/p>\n<p>&#8211; Za mniejszymi graczami rozgl\u0105da si\u0119 te\u017c UPC Polska. Prezesi obu sp\u00f3\u0142ek nie ujawniaj\u0105 szczeg\u00f3\u0142\u00f3w swoich dzia\u0142a\u0144, przyznaj\u0105c jednocze\u015bnie, \u017ce d\u0105\u017c\u0105 do konsolidacji rynku. Pow\u00f3d? Operatorzy broni\u0105 si\u0119 w ten spos\u00f3b przed nadci\u0105gaj\u0105cym atakiem ze strony Telekomunikacji Polskiej. Sp\u00f3\u0142ka ta posiada obecnie oko\u0142o 10 mln abonent\u00f3w, czyli ponad dwa razy tyle, ile wszyscy dzia\u0142aj\u0105cy na rynku operatorzy razem wzi\u0119ci. &#8211; donosi &#8222;Gazeta Prawna&#8221;<\/p>\n<p>Wed\u0142ug informacji &#8222;GP&#8221;, najwi\u0119ksi gracze na rynku w pierwszej kolejno\u015bci zainteresowani s\u0105 przej\u0119ciem Telewizji Kablowej Pozna\u0144 i Toya z \u0141odzi. <\/p>\n<p>&#8211; Obaj operatorzy maj\u0105 po 150 tys. abonent\u00f3w. Tomasz \u017bura\u0144ski przyznaje, \u017ce akurat z operatorem Toya ani TKP \u017cadnych rozm\u00f3w na razie nie prowadzi, ale jego firma nadal jest zainteresowana konsolidacj\u0105 rynku. Co na to sami zainteresowani? Jacek Kobierzycki, dyrektor Toya, podkre\u015bla, \u017ce kierowany przez niego operator ma bardzo mocn\u0105 pozycj\u0119 w regionie i skoncentrowany jest na rozwoju w\u0142asnej infrastruktury. &#8211; czytamy w &#8222;GP&#8221;<\/p>\n<p>&#8211; Chcemy poszerzy\u0107 dost\u0119p do telefonii, a tak\u017ce telewizji cyfrowej. Sami jeste\u015bmy zainteresowani przej\u0119ciem mniejszych graczy, dzia\u0142aj\u0105cych na naszym rynku &#8211; m\u00f3wi Gazecie Prawnej.<\/p>\n<p>&#8211; Z kolei Telewizja Kablowa Pozna\u0144 obecnie koncentruje si\u0119 na rozwoju potr\u00f3jnych us\u0142ug, a rozm\u00f3w na temat ewentualnych fuzji na razie nie prowadzi. &#8211; informuje dziennik<\/p>\n","protected":false},"excerpt":{"rendered":"&#8211; UPC Polska, najwi\u0119kszy operator kablowy na rynku, przygotowuje si\u0119 do przej\u0119\u0107 mniejszych graczy. Musi si\u0119 jednak spieszy\u0107, bo takie same zamiary maj\u0105 konkurenci. Zaawansowane rozmowy prowadzi Vectra, za przej\u0119ciami rozgl\u0105da si\u0119 Grupa Aster. &#8211; czytamy w &#8222;Gazecie Prawnej&#8221;","protected":false},"author":1,"featured_media":0,"comment_status":"open","ping_status":"closed","sticky":false,"template":"","format":"standard","meta":{"csco_display_header_overlay":false,"csco_singular_sidebar":"","csco_page_header_type":"","csco_page_load_nextpost":"","csco_post_video_location":[],"csco_post_video_location_hash":"","csco_post_video_url":"","csco_post_video_bg_start_time":0,"csco_post_video_bg_end_time":0,"footnotes":""},"categories":[9670],"tags":[],"class_list":{"0":"post-83320","1":"post","2":"type-post","3":"status-publish","4":"format-standard","6":"category-tv","7":"cs-entry","8":"cs-video-wrap"},"_links":{"self":[{"href":"https:\/\/mediarun.com\/pl\/wp-json\/wp\/v2\/posts\/83320","targetHints":{"allow":["GET"]}}],"collection":[{"href":"https:\/\/mediarun.com\/pl\/wp-json\/wp\/v2\/posts"}],"about":[{"href":"https:\/\/mediarun.com\/pl\/wp-json\/wp\/v2\/types\/post"}],"author":[{"embeddable":true,"href":"https:\/\/mediarun.com\/pl\/wp-json\/wp\/v2\/users\/1"}],"replies":[{"embeddable":true,"href":"https:\/\/mediarun.com\/pl\/wp-json\/wp\/v2\/comments?post=83320"}],"version-history":[{"count":0,"href":"https:\/\/mediarun.com\/pl\/wp-json\/wp\/v2\/posts\/83320\/revisions"}],"wp:attachment":[{"href":"https:\/\/mediarun.com\/pl\/wp-json\/wp\/v2\/media?parent=83320"}],"wp:term":[{"taxonomy":"category","embeddable":true,"href":"https:\/\/mediarun.com\/pl\/wp-json\/wp\/v2\/categories?post=83320"},{"taxonomy":"post_tag","embeddable":true,"href":"https:\/\/mediarun.com\/pl\/wp-json\/wp\/v2\/tags?post=83320"}],"curies":[{"name":"wp","href":"https:\/\/api.w.org\/{rel}","templated":true}]}}