{"id":83315,"date":"2005-12-20T13:39:05","date_gmt":"2005-12-20T12:39:05","guid":{"rendered":"https:\/\/mediarun.com\/index.php\/news-posts\/nie-dla-olejnik\/"},"modified":"2005-12-20T13:39:05","modified_gmt":"2005-12-20T12:39:05","slug":"nie-dla-olejnik","status":"publish","type":"post","link":"https:\/\/mediarun.com\/pl\/media\/tv\/nie-dla-olejnik.html","title":{"rendered":"&#8222;Nie&#8221; dla Olejnik"},"content":{"rendered":"<p>&#8211; S\u0105 pewne granice standard\u00f3w przyzwoito\u015bci dziennikarza prowadz\u0105cego audycj\u0119 &#8211; m\u00f3wi\u0142 Wassermann w Radiu Maryja i Telewizji Trwam. &#8211; S\u0105 tak\u017ce granice przyzwoito\u015bci rzetelno\u015bci dziennikarskiej. Je\u017celi kto\u015b te granice przekracza, to po prostu si\u0119 do niego nie chodzi &#8211; dodawa\u0142 minister.<\/p>\n<p>Rzecznik TVP, Jaros\u0142aw Szczepa\u0144ski wyja\u015bnia nam, \u017ce dziennikarze musz\u0105 i powinni dzia\u0142a\u0107 rzetelnie, obiektywnie. &#8211; Szczeg\u00f3lnie takie maj\u0105 zasady pracuj\u0105cy w telewizji publicznej &#8211; m\u00f3wi.<\/p>\n<p>&#8211; Jednak wedle zasad obowi\u0105zuj\u0105cych w mediach to dziennikarze s\u0105 osobami zapraszaj\u0105cymi go\u015bci do programu, nawet, je\u015bli s\u0105 ci go\u015bcie politykami z pierwszych stron gazet, i to dziennikarze s\u0105 od zadawania trudnych i niewygodnych pyta\u0144, a je\u015bli polityk nie potrafi odpowiedzie\u0107, to znaczy mo\u017ce, \u017ce powinien zmieni\u0107 zaw\u00f3d &#8211; t\u0142umaczy nam Jaros\u0142aw Szczepa\u0144ski. &#8211; Tak jest na \u015bwiecie i tak musi by\u0107 u nas &#8211; dodaje rzecznik.<\/p>\n<p>Monika Olejnik obecnie prowadzi w telewizyjnej Jedynce program &#8222;Prosto w oczy&#8221;, a w Radiu Zet &#8211; &#8222;Go\u015b\u0107 Radia Zet&#8221; i &#8222;Si\u00f3dmy dzie\u0144 tygodnia&#8221;.<\/p>\n","protected":false},"excerpt":{"rendered":"Jeden ze s\u0142uchaczy telefonuj\u0105cych do Radia Maryja i Telewizji Trwam podczas audycji z ministerem koordynatorem ds. s\u0142u\u017cb specjalnych Zbigniewem Wassermannem powiedzia\u0142, \u017ce Monika Olejnik w swoim programie ci\u0105gle przerywa ministrowi. &#8211; My\u015bl\u0119, \u017ce pan mnie u pani Olejnik ju\u017c nie zobaczy &#8211; odpowiedzia\u0142 Wassermann.","protected":false},"author":1,"featured_media":0,"comment_status":"open","ping_status":"closed","sticky":false,"template":"","format":"standard","meta":{"csco_display_header_overlay":false,"csco_singular_sidebar":"","csco_page_header_type":"","csco_page_load_nextpost":"","csco_post_video_location":[],"csco_post_video_location_hash":"","csco_post_video_url":"","csco_post_video_bg_start_time":0,"csco_post_video_bg_end_time":0,"footnotes":""},"categories":[9670],"tags":[],"class_list":{"0":"post-83315","1":"post","2":"type-post","3":"status-publish","4":"format-standard","6":"category-tv","7":"cs-entry","8":"cs-video-wrap"},"_links":{"self":[{"href":"https:\/\/mediarun.com\/pl\/wp-json\/wp\/v2\/posts\/83315","targetHints":{"allow":["GET"]}}],"collection":[{"href":"https:\/\/mediarun.com\/pl\/wp-json\/wp\/v2\/posts"}],"about":[{"href":"https:\/\/mediarun.com\/pl\/wp-json\/wp\/v2\/types\/post"}],"author":[{"embeddable":true,"href":"https:\/\/mediarun.com\/pl\/wp-json\/wp\/v2\/users\/1"}],"replies":[{"embeddable":true,"href":"https:\/\/mediarun.com\/pl\/wp-json\/wp\/v2\/comments?post=83315"}],"version-history":[{"count":0,"href":"https:\/\/mediarun.com\/pl\/wp-json\/wp\/v2\/posts\/83315\/revisions"}],"wp:attachment":[{"href":"https:\/\/mediarun.com\/pl\/wp-json\/wp\/v2\/media?parent=83315"}],"wp:term":[{"taxonomy":"category","embeddable":true,"href":"https:\/\/mediarun.com\/pl\/wp-json\/wp\/v2\/categories?post=83315"},{"taxonomy":"post_tag","embeddable":true,"href":"https:\/\/mediarun.com\/pl\/wp-json\/wp\/v2\/tags?post=83315"}],"curies":[{"name":"wp","href":"https:\/\/api.w.org\/{rel}","templated":true}]}}