{"id":83311,"date":"2005-12-20T14:43:24","date_gmt":"2005-12-20T13:43:24","guid":{"rendered":"https:\/\/mediarun.com\/index.php\/news-posts\/nowy-czlonek-rady-programowej-pr\/"},"modified":"2005-12-20T14:43:24","modified_gmt":"2005-12-20T13:43:24","slug":"nowy-czlonek-rady-programowej-pr","status":"publish","type":"post","link":"https:\/\/mediarun.com\/pl\/media\/radio\/nowy-czlonek-rady-programowej-pr.html","title":{"rendered":"Nowy cz\u0142onek Rady Programowej PR"},"content":{"rendered":"<p>Zbigniew Rybka od 1982 roku zwi\u0105zany jest z Teatrem im. Wandy Siemaszkowej w Rzeszowie. Na pocz\u0105tku by\u0142 konsultantem literackim, p\u00f3\u017aniej kierownikiem literackim. Od 1998 jest dyrektorem naczelnym teatru. W mi\u0119dzyczasie by\u0142 doradc\u0105 cz\u0142onka zarz\u0105du Telewizji Polskiej (2002 &#8211; 2003).<\/p>\n","protected":false},"excerpt":{"rendered":"Cz\u0142onkowie Krajowej Rady Radiofoni i Telewizji wybrali podczas wtorkowego posiedzenia cz\u0142onka Rady Programowej Polskiego Radia SA. Zosta\u0142 nim Zbigniew Rybka &#8211; dyrektor naczelnego Teatru im. Wandy Siemaszkowej w Rzeszowie.","protected":false},"author":1,"featured_media":83312,"comment_status":"open","ping_status":"closed","sticky":false,"template":"","format":"standard","meta":{"csco_display_header_overlay":false,"csco_singular_sidebar":"","csco_page_header_type":"","csco_page_load_nextpost":"","csco_post_video_location":[],"csco_post_video_location_hash":"","csco_post_video_url":"","csco_post_video_bg_start_time":0,"csco_post_video_bg_end_time":0,"footnotes":""},"categories":[9672],"tags":[],"class_list":{"0":"post-83311","1":"post","2":"type-post","3":"status-publish","4":"format-standard","5":"has-post-thumbnail","7":"category-radio","8":"cs-entry","9":"cs-video-wrap"},"_links":{"self":[{"href":"https:\/\/mediarun.com\/pl\/wp-json\/wp\/v2\/posts\/83311","targetHints":{"allow":["GET"]}}],"collection":[{"href":"https:\/\/mediarun.com\/pl\/wp-json\/wp\/v2\/posts"}],"about":[{"href":"https:\/\/mediarun.com\/pl\/wp-json\/wp\/v2\/types\/post"}],"author":[{"embeddable":true,"href":"https:\/\/mediarun.com\/pl\/wp-json\/wp\/v2\/users\/1"}],"replies":[{"embeddable":true,"href":"https:\/\/mediarun.com\/pl\/wp-json\/wp\/v2\/comments?post=83311"}],"version-history":[{"count":0,"href":"https:\/\/mediarun.com\/pl\/wp-json\/wp\/v2\/posts\/83311\/revisions"}],"wp:featuredmedia":[{"embeddable":true,"href":"https:\/\/mediarun.com\/pl\/wp-json\/wp\/v2\/media\/83312"}],"wp:attachment":[{"href":"https:\/\/mediarun.com\/pl\/wp-json\/wp\/v2\/media?parent=83311"}],"wp:term":[{"taxonomy":"category","embeddable":true,"href":"https:\/\/mediarun.com\/pl\/wp-json\/wp\/v2\/categories?post=83311"},{"taxonomy":"post_tag","embeddable":true,"href":"https:\/\/mediarun.com\/pl\/wp-json\/wp\/v2\/tags?post=83311"}],"curies":[{"name":"wp","href":"https:\/\/api.w.org\/{rel}","templated":true}]}}