{"id":83304,"date":"2005-12-20T20:23:34","date_gmt":"2005-12-20T19:23:34","guid":{"rendered":"https:\/\/mediarun.com\/index.php\/news-posts\/styczen-w-tvn\/"},"modified":"2005-12-20T20:23:34","modified_gmt":"2005-12-20T19:23:34","slug":"styczen-w-tvn","status":"publish","type":"post","link":"https:\/\/mediarun.com\/pl\/media\/tv\/styczen-w-tvn.html","title":{"rendered":"Stycze\u0144 w TVN"},"content":{"rendered":"<p>Stacja wznowi emisj\u0119 nagradzanych ameryka\u0144skich produkcji. We wtorki o 21.30 emitowana b\u0119dzie kolejna seria &#8222;Tajemnic Smallville&#8221;. W \u015brody po wieczornym filmie pokazywany b\u0119dzie nast\u0119pny sezon &#8222;Sze\u015bciu st\u00f3p pod ziemi\u0105&#8221;, a w czwartki &#8222;Rodziny Soprano&#8221;.<\/p>\n<p>W poniedzia\u0142ek, 9 stycznia o 22.45 zadebiutuje nowy magazyn reporterski- &#8222;Faktograf&#8221;. Tematyk\u0105 prezentowanych w audycji reporta\u017cy b\u0119d\u0105 dramaty ludzkie, afery gospodarcze i polityczne, korupcja, ale tak\u017ce zdarzenia zwi\u0105zane ze \u015bwiatem rozrywki. Ka\u017cdy odcinek magazynu b\u0119dzie si\u0119 sk\u0142ada\u0142 z kilku reporta\u017cy o tematyce sensacyjno-rozrywkowej, przygotowanych przez do\u015bwiadczonych dziennikarzy.<\/p>\n<p>Stacja nie zaprzestanie emisji nowych odcink\u00f3w serialu: &#8222;Na wsp\u00f3lnej&#8221;. Pojawia\u0107 b\u0119dzie si\u0119 publicystyczny program &#8222;Teraz My&#8221; oraz magazyn &#8222;Dzie\u0144 Dobry TVN&#8221;. W styczniu emitowana b\u0119dzie tak\u017ce audycja Marcina Wrony &#8222;Pod Napi\u0119ciem&#8221;. Z anteny zniknie magazyn &#8222;Fakty, ludzie, pieni\u0105dze&#8221;.<\/p>\n<p>Powt\u00f3rzone zostan\u0105 najlepsze odcinki show &#8222;Mamy Ci\u0119&#8221; i &#8222;Ciao Darwin&#8221; oraz emitowane przez TVN w sezonie jesiennym seriale (&#8222;Kryminalni&#8221;, &#8222;Niania&#8221;).<\/p>\n<p>Filmow\u0105 ofert\u0119 kana\u0142u wype\u0142ni\u0105 znane produkcje. Kontynuowane b\u0119dzie wprowadzone przed dwoma tygodniami, niedzielne wieczorne pasmo filmowe. W nadchodz\u0105cym miesi\u0105cu emitowane w nim b\u0119d\u0105 g\u0142\u00f3wnie komedie.<\/p>\n","protected":false},"excerpt":{"rendered":"Wraz z pocz\u0105tkiem stycznia telewizja TVN modyfikuje swoj\u0105 ram\u00f3wk\u0119. Nowy uk\u0142ad program\u00f3w obowi\u0105zywa\u0107 b\u0119dzie przez dwa miesi\u0105ce, a\u017c do ko\u0144ca lutego. Na antenie komercyjnego nadawcy zagoszcz\u0105 premierowe odcinki seriali, pojawi si\u0119 tak\u017ce pierwsze wydanie nowego magazynu reporter\u00f3w.","protected":false},"author":1,"featured_media":0,"comment_status":"open","ping_status":"closed","sticky":false,"template":"","format":"standard","meta":{"csco_display_header_overlay":false,"csco_singular_sidebar":"","csco_page_header_type":"","csco_page_load_nextpost":"","csco_post_video_location":[],"csco_post_video_location_hash":"","csco_post_video_url":"","csco_post_video_bg_start_time":0,"csco_post_video_bg_end_time":0,"footnotes":""},"categories":[9670],"tags":[],"class_list":{"0":"post-83304","1":"post","2":"type-post","3":"status-publish","4":"format-standard","6":"category-tv","7":"cs-entry","8":"cs-video-wrap"},"_links":{"self":[{"href":"https:\/\/mediarun.com\/pl\/wp-json\/wp\/v2\/posts\/83304","targetHints":{"allow":["GET"]}}],"collection":[{"href":"https:\/\/mediarun.com\/pl\/wp-json\/wp\/v2\/posts"}],"about":[{"href":"https:\/\/mediarun.com\/pl\/wp-json\/wp\/v2\/types\/post"}],"author":[{"embeddable":true,"href":"https:\/\/mediarun.com\/pl\/wp-json\/wp\/v2\/users\/1"}],"replies":[{"embeddable":true,"href":"https:\/\/mediarun.com\/pl\/wp-json\/wp\/v2\/comments?post=83304"}],"version-history":[{"count":0,"href":"https:\/\/mediarun.com\/pl\/wp-json\/wp\/v2\/posts\/83304\/revisions"}],"wp:attachment":[{"href":"https:\/\/mediarun.com\/pl\/wp-json\/wp\/v2\/media?parent=83304"}],"wp:term":[{"taxonomy":"category","embeddable":true,"href":"https:\/\/mediarun.com\/pl\/wp-json\/wp\/v2\/categories?post=83304"},{"taxonomy":"post_tag","embeddable":true,"href":"https:\/\/mediarun.com\/pl\/wp-json\/wp\/v2\/tags?post=83304"}],"curies":[{"name":"wp","href":"https:\/\/api.w.org\/{rel}","templated":true}]}}