{"id":83302,"date":"2005-12-20T20:32:59","date_gmt":"2005-12-20T19:32:59","guid":{"rendered":"https:\/\/mediarun.com\/index.php\/news-posts\/nowy-szef-panoramy\/"},"modified":"2005-12-20T20:32:59","modified_gmt":"2005-12-20T19:32:59","slug":"nowy-szef-panoramy","status":"publish","type":"post","link":"https:\/\/mediarun.com\/pl\/media\/tv\/nowy-szef-panoramy.html","title":{"rendered":"Nowy szef &#8222;Panoramy&#8221;"},"content":{"rendered":"<p>&#8211; Efektem zmian powinno by\u0107 m.in. zwi\u0119kszenie widowni tego programu informacyjnego Dw\u00f3jki &#8211; informuje publiczny nadawca w komunikacie prasowym.<\/p>\n<p>Krzysztof Kuba Sufin ostatnio odpowiada\u0142 z pasmo &#8222;Poranek TVN24&#8221;, kt\u00f3rego by\u0142 r\u00f3wnie\u017c wsp\u00f3\u0142tw\u00f3rc\u0105. By\u0142 wsp\u00f3\u0142autorem koncepcji poprzedniczki Informacyjnej Agencji Radiowej, czyli Radia INFO w Polskim Radio. Pracowa\u0142 tak\u017ce w  PAP i TVP, w kt\u00f3rej w latach 1994-97  by\u0142 wydawc\u0105 programu publicystycznego &#8222;Puls dnia&#8221;.<\/p>\n","protected":false},"excerpt":{"rendered":"Krzysztof Kuba Sufin od stycznia b\u0119dzie nowym szefem &#8222;Panoramy&#8221; telewizyjnej Dw\u00f3jki. Zast\u0105pi Dariusza \u0141ukawskiego, kt\u00f3ry pokieruje redakcj\u0105 publicystyki i edukacji TVP2. Zarz\u0105d telewizji podejmuj\u0105c decyzj\u0119 o zmianie szefa &#8222;Panoramy&#8221; kierowa\u0142 si\u0119 &#8222;konieczno\u015bci\u0105 unowocze\u015bnienia i uatrakcyjnienia programu&#8221;.","protected":false},"author":1,"featured_media":83303,"comment_status":"open","ping_status":"closed","sticky":false,"template":"","format":"standard","meta":{"csco_display_header_overlay":false,"csco_singular_sidebar":"","csco_page_header_type":"","csco_page_load_nextpost":"","csco_post_video_location":[],"csco_post_video_location_hash":"","csco_post_video_url":"","csco_post_video_bg_start_time":0,"csco_post_video_bg_end_time":0,"footnotes":""},"categories":[9670],"tags":[],"class_list":{"0":"post-83302","1":"post","2":"type-post","3":"status-publish","4":"format-standard","5":"has-post-thumbnail","7":"category-tv","8":"cs-entry","9":"cs-video-wrap"},"_links":{"self":[{"href":"https:\/\/mediarun.com\/pl\/wp-json\/wp\/v2\/posts\/83302","targetHints":{"allow":["GET"]}}],"collection":[{"href":"https:\/\/mediarun.com\/pl\/wp-json\/wp\/v2\/posts"}],"about":[{"href":"https:\/\/mediarun.com\/pl\/wp-json\/wp\/v2\/types\/post"}],"author":[{"embeddable":true,"href":"https:\/\/mediarun.com\/pl\/wp-json\/wp\/v2\/users\/1"}],"replies":[{"embeddable":true,"href":"https:\/\/mediarun.com\/pl\/wp-json\/wp\/v2\/comments?post=83302"}],"version-history":[{"count":0,"href":"https:\/\/mediarun.com\/pl\/wp-json\/wp\/v2\/posts\/83302\/revisions"}],"wp:featuredmedia":[{"embeddable":true,"href":"https:\/\/mediarun.com\/pl\/wp-json\/wp\/v2\/media\/83303"}],"wp:attachment":[{"href":"https:\/\/mediarun.com\/pl\/wp-json\/wp\/v2\/media?parent=83302"}],"wp:term":[{"taxonomy":"category","embeddable":true,"href":"https:\/\/mediarun.com\/pl\/wp-json\/wp\/v2\/categories?post=83302"},{"taxonomy":"post_tag","embeddable":true,"href":"https:\/\/mediarun.com\/pl\/wp-json\/wp\/v2\/tags?post=83302"}],"curies":[{"name":"wp","href":"https:\/\/api.w.org\/{rel}","templated":true}]}}