{"id":83293,"date":"2005-12-21T01:43:51","date_gmt":"2005-12-21T00:43:51","guid":{"rendered":"https:\/\/mediarun.com\/index.php\/news-posts\/zyczenia-dla-prezydenta-od-tp\/"},"modified":"2005-12-21T01:43:51","modified_gmt":"2005-12-21T00:43:51","slug":"zyczenia-dla-prezydenta-od-tp","status":"publish","type":"post","link":"https:\/\/mediarun.com\/pl\/media\/prasa\/zyczenia-dla-prezydenta-od-tp.html","title":{"rendered":"\u017byczenia dla prezydenta od TP"},"content":{"rendered":"<p>&#8222;Pa\u0144ska prezydentura i rz\u0105dy PiS wzbudzaj\u0105 wielkie nadzieje w du\u017cej cz\u0119\u015bci spo\u0142ecze\u0144stwa. S\u0105 te\u017c one dla cz\u0119\u015bci spo\u0142ecze\u0144stwa \u017ar\u00f3d\u0142em powa\u017cnego niepokoju. I prosz\u0119 mi wierzy\u0107: nie tylko w\u015br\u00f3d z\u0142odziei, cwaniak\u00f3w, ubek\u00f3w i aparatczyk\u00f3w PZPR. Zreszt\u0105, nadzieje zwolennik\u00f3w mog\u0105 si\u0119 okaza\u0107 dla Waszego obozu bardziej niebezpieczne od obaw, niepokoju drugiej Polski. Ona bowiem mo\u017ce tylko utwierdzi\u0107 si\u0119 w czarnych oczekiwaniach albo te\u017c przyzna\u0107, \u017ce po wyborach nadmiernie dramatyzowa\u0142a. Rozczarowanie Waszych zwolennik\u00f3w b\u0119dzie znacznie bardziej destabilizuj\u0105ce i demoralizuj\u0105ce(&#8230;)&#8221;<\/p>\n<p>&#8222;(&#8230;)Pa\u0144ska prezydentura b\u0119dzie oceniana w\u0142a\u015bnie ze wzgl\u0119du na poczucie sprawiedliwo\u015bci, kt\u00f3re szerzej zamieszka w polskich domach. Nie mo\u017ce to by\u0107 tylko sprawiedliwo\u015b\u0107 dla w\u0142asnych zwolennik\u00f3w, w tym dla lustrator\u00f3w, dekomunizator\u00f3w i s\u0142uchaczy Radia Maryja, ale r\u00f3wnie\u017c dla libera\u0142\u00f3w, by\u0142ych komunist\u00f3w, bezbo\u017cnik\u00f3w, gej\u00f3w i lesbijek. Nikt nie mo\u017ce czu\u0107 si\u0119 pokrzywdzony, upokorzony przez pa\u0144stwo.(&#8230;)&#8221;<\/p>\n<p> &#8222;\u017bycz\u0119 Panu i Pa\u0144skiej formacji politycznej, aby\u015bcie s\u0142u\u017cyli integracji spo\u0142ecze\u0144stwa poprzez zapewnienie pe\u0142nego obywatelstwa ludziom, \u015brodowiskom i grupom, kt\u00f3re w Polsce po 1989 r. czu\u0142y si\u0119 wydziedziczone. (&#8230;) \u017bycz\u0119 Panu, aby Polska prowincjonalna awansowa\u0142a do standard\u00f3w metropolii. Oczywi\u015bcie nie w sensie zamo\u017cno\u015bci (&#8230;). Nie tak zreszt\u0105 mierzy si\u0119 r\u00f3\u017cnic\u0119 mi\u0119dzy prowincj\u0105 a metropoli\u0105. Jej miara jest stosunek do \u015bwiata, otwarto\u015b\u0107, spokojna afirmacja w\u0142asnej warto\u015bci.&#8221;<\/p>\n<p>Nie mu tu miejsca na pobo\u017cne \u017cyczenia, ani mi\u0142e fakty, kt\u00f3re i tak si\u0119 maj\u0105 zdarzy\u0107. Jest g\u0142\u0119boka, nieraz ostra, refleksja nad tym, jakie nadzieje spo\u0142ecze\u0144stwa zi\u015bci\u0107 mo\u017ce prezydent wszystkich Polak\u00f3w. &#8222;Z szacunkiem uznaj\u0119 podstawowe cele, jakie sobie stawiacie &#8211; taki bowiem dostali\u015bcie mandat, taka Polska wraz z Wami w tych wyborach wygra\u0142a. Jednak\u017ce Wasze rz\u0105dy b\u0119d\u0105 ocenianie ze wzgl\u0119du na zdolno\u015b\u0107 dokonania syntezy, kt\u00f3r\u0105 b\u0119dziecie w stanie zaproponowa\u0107. Wygrywa si\u0119 na skrzyd\u0142ach, rz\u0105dzi si\u0119 w centrum; dla rz\u0105dzenia potrzebne jest znacznie szersze przyzwolenie ni\u017c poparcie zwolennik\u00f3w. (&#8230;) Ka\u017cda w\u0142adza musi dba\u0107 o zakorzenienie, o tworzenie warunk\u00f3w nadziei, o pok\u00f3j spo\u0142eczny.&#8221;<\/p>\n<p>&#8222;Warto pami\u0119ta\u0107 s\u0142owa Simone Weil, kt\u00f3ra pisa\u0142a, \u017ce &#8222;sprawiedliwo\u015b\u0107 jest wiecznym uciekinierem z obozu zwyci\u0119zc\u00f3w do obozu przegranych&#8221;. Niech Pan porzuci \u017cale i pretensje wiecznie przegrywaj\u0105cego. Jest Pan, Panie Prezydencie, zwyci\u0119zc\u0105! Sprawiedliwo\u015b\u0107 nie mo\u017ce ju\u017c do Pana przyj\u015b\u0107. Ona jest w Pa\u0144skich r\u0119kach, od Pana w du\u017cym stopniu zale\u017cy jej los. Mo\u017ce od Pana odej\u015b\u0107, je\u017celi nie b\u0119dzie si\u0119 Pan z ni\u0105 obchodzi\u0142 tak, aby nie cierpia\u0142o poczucie sprawiedliwo\u015bci innych, nie Pana. Bowiem miar\u0105 sprawiedliwo\u015bci jest zawsze stosunek do innych, nie do siebie.(&#8230;)&#8221;<\/p>\n","protected":false},"excerpt":{"rendered":"W tym tygodniu \u015awi\u0119ta Bo\u017cego Narodzenia i zaprzysi\u0119\u017cenie Prezydenta Elekta czyli podw\u00f3jna okazja do \u017cycze\u0144. Sk\u0142ada je Lechowi Kaczy\u0144skiemu na \u0142amach &#8222;Tygodnika Powszechnego&#8221; Aleksander Smolar publicysta i politolog, prezes Fundacji im. Stefana Batorego.","protected":false},"author":1,"featured_media":83294,"comment_status":"open","ping_status":"closed","sticky":false,"template":"","format":"standard","meta":{"csco_display_header_overlay":false,"csco_singular_sidebar":"","csco_page_header_type":"","csco_page_load_nextpost":"","csco_post_video_location":[],"csco_post_video_location_hash":"","csco_post_video_url":"","csco_post_video_bg_start_time":0,"csco_post_video_bg_end_time":0,"footnotes":""},"categories":[9673],"tags":[],"class_list":{"0":"post-83293","1":"post","2":"type-post","3":"status-publish","4":"format-standard","5":"has-post-thumbnail","7":"category-prasa","8":"cs-entry","9":"cs-video-wrap"},"_links":{"self":[{"href":"https:\/\/mediarun.com\/pl\/wp-json\/wp\/v2\/posts\/83293","targetHints":{"allow":["GET"]}}],"collection":[{"href":"https:\/\/mediarun.com\/pl\/wp-json\/wp\/v2\/posts"}],"about":[{"href":"https:\/\/mediarun.com\/pl\/wp-json\/wp\/v2\/types\/post"}],"author":[{"embeddable":true,"href":"https:\/\/mediarun.com\/pl\/wp-json\/wp\/v2\/users\/1"}],"replies":[{"embeddable":true,"href":"https:\/\/mediarun.com\/pl\/wp-json\/wp\/v2\/comments?post=83293"}],"version-history":[{"count":0,"href":"https:\/\/mediarun.com\/pl\/wp-json\/wp\/v2\/posts\/83293\/revisions"}],"wp:featuredmedia":[{"embeddable":true,"href":"https:\/\/mediarun.com\/pl\/wp-json\/wp\/v2\/media\/83294"}],"wp:attachment":[{"href":"https:\/\/mediarun.com\/pl\/wp-json\/wp\/v2\/media?parent=83293"}],"wp:term":[{"taxonomy":"category","embeddable":true,"href":"https:\/\/mediarun.com\/pl\/wp-json\/wp\/v2\/categories?post=83293"},{"taxonomy":"post_tag","embeddable":true,"href":"https:\/\/mediarun.com\/pl\/wp-json\/wp\/v2\/tags?post=83293"}],"curies":[{"name":"wp","href":"https:\/\/api.w.org\/{rel}","templated":true}]}}