{"id":83279,"date":"2005-12-21T02:35:09","date_gmt":"2005-12-21T01:35:09","guid":{"rendered":"https:\/\/mediarun.com\/index.php\/news-posts\/lis-i-sianecki-goscinnie-w-tvp\/"},"modified":"2005-12-21T02:35:09","modified_gmt":"2005-12-21T01:35:09","slug":"lis-i-sianecki-goscinnie-w-tvp","status":"publish","type":"post","link":"https:\/\/mediarun.com\/pl\/media\/tv\/lis-i-sianecki-goscinnie-w-tvp.html","title":{"rendered":"Lis i Sianecki go\u015bcinnie w TVP"},"content":{"rendered":"<p>Ka\u017cda z tych chwil to nie tylko triumf sportowy Polak\u00f3w, ale tak\u017ce refleksja na temat napi\u0119cia jakie towarzyszy\u0142o kibicom. Kibicom trzymaj\u0105cym kciuki, chwytaj\u0105cym si\u0119 za g\u0142ow\u0119, ze \u0142zami w oczach s\u0142uchaj\u0105cych Mazurka D\u0105browskiego.<\/p>\n<p>W widowisku uczestniczy\u0107 b\u0119d\u0105 arty\u015bci, dziennikarze i sportowcy. Program ma tak\u017ce za zadanie promowa\u0107 wz\u00f3r kibicowania. St\u0105d te\u017c do studia zostan\u0105 zaproszeni kibice siatk\u00f3wki, znani ze swojego wspania\u0142ego zachowania. Publiczno\u015b\u0107 b\u0119dzie aktywnie wsp\u00f3\u0142tworzy\u0107 widowisko wykonuj\u0105c piosenki przygotowane przez artyst\u0119 i poet\u0119 Rafa\u0142a Bryndala. Te przerywniki b\u0119d\u0105 wprowadza\u0142y poszczeg\u00f3lne wydarzenia sportowe. Dziennikarze i eksperci b\u0119d\u0105 przekonywali cz\u0142onk\u00f3w Kapitu\u0142y, dlaczego dane wydarzenie nale\u017cy uzna\u0107 za najwa\u017cniejsze i wzbudzaj\u0105ce najwi\u0119ksze emocje.<\/p>\n<p>Wydarzenie 1 &#8211; Ma\u0142ysz &#8211; Puchar \u015awiata w Zakopanem (Maciej Kurzajewski i W\u0142odzimierz Szaranowicz)<\/p>\n<p>Wydarzenie 2 &#8211; Tomasz Adamek, mistrz \u015bwiata w boksie zawodowym (Janusz Pindera i Dariusz Michalczewski)<\/p>\n<p>Wydarzenie 3 &#8211; awans Polski do pi\u0142karskich Mistrzostw \u015awiata (Dariusz Szpakowski i Jan Tomaszewski)<\/p>\n<p>Wydarzenie 4 &#8211; Z\u0141OTKA &#8211; Mistrzynie Europy w siatk\u00f3wce (Piotr D\u0119bowski i Paulina Chylewska)<\/p>\n<p>Wydarzenie 5 &#8211; p\u0142ywanie (Przemys\u0142aw Babiarz i Andrzej Person)<\/p>\n<p>Wydarzenie 6 &#8211; Dudek (Dariusz Szpakowski oraz publiczno\u015b\u0107)<\/p>\n<p>W finale programu licz\u0105ca 13 os\u00f3b Kapitu\u0142a zdecyduje o przyznaniu tytu\u0142u najbardziej emocjonuj\u0105cego wydarzenia sportowego roku. W sk\u0142ad Kapitu\u0142y wchodzi\u0107 b\u0119d\u0105 m.in.: Wiktor Zborowski, Rafa\u0142 Bryndal, Dominika Osta\u0142owska, Gra\u017cyna Wolszczak, Tomasz Sianecki, Tomasz Smokowski, Jacek Wszo\u0142a, Kamil Durczok i Tomasz Lis.<\/p>\n<p>&#8211; Podczas widowiska widzom pokazujemy dziennikarstwo, emocje sportowe, pi\u0119kno sportu oraz rozrywk\u0119 i \u015bwietn\u0105 publiczno\u015b\u0107 siatkarsk\u0105 &#8211; m\u00f3wi Tomasz Zi\u00f3\u0142kowski &#8211; kierownik Redakcji Sportowej TVP2.<\/p>\n<p>Scenariusz widowiska: Krzysztof Materna i Tomasz Zi\u00f3\u0142kowski, re\u017cyseria: Krzysztof Materna, prowadzenie: Tomasz Zi\u00f3\u0142kowski, producent: Janusz Kowalski.<\/p>\n","protected":false},"excerpt":{"rendered":"1 stycznia 2006 w godz. 19.00 &#8211; 19.55 TVP2 wyemituje widowisko &#8222;Sportowe emocje 2005&#8221;. Zostanie ono powt\u00f3rzone tego samego dnia w TV Polonia o 22.00.  Program nie jest plebiscytem. Ma za zadanie przypomnie\u0107 widzom TVP najbardziej emocjonuj\u0105ce dla kibic\u00f3w chwile w roku 2005.","protected":false},"author":1,"featured_media":83280,"comment_status":"open","ping_status":"closed","sticky":false,"template":"","format":"standard","meta":{"csco_display_header_overlay":false,"csco_singular_sidebar":"","csco_page_header_type":"","csco_page_load_nextpost":"","csco_post_video_location":[],"csco_post_video_location_hash":"","csco_post_video_url":"","csco_post_video_bg_start_time":0,"csco_post_video_bg_end_time":0,"footnotes":""},"categories":[9670],"tags":[],"class_list":{"0":"post-83279","1":"post","2":"type-post","3":"status-publish","4":"format-standard","5":"has-post-thumbnail","7":"category-tv","8":"cs-entry","9":"cs-video-wrap"},"_links":{"self":[{"href":"https:\/\/mediarun.com\/pl\/wp-json\/wp\/v2\/posts\/83279","targetHints":{"allow":["GET"]}}],"collection":[{"href":"https:\/\/mediarun.com\/pl\/wp-json\/wp\/v2\/posts"}],"about":[{"href":"https:\/\/mediarun.com\/pl\/wp-json\/wp\/v2\/types\/post"}],"author":[{"embeddable":true,"href":"https:\/\/mediarun.com\/pl\/wp-json\/wp\/v2\/users\/1"}],"replies":[{"embeddable":true,"href":"https:\/\/mediarun.com\/pl\/wp-json\/wp\/v2\/comments?post=83279"}],"version-history":[{"count":0,"href":"https:\/\/mediarun.com\/pl\/wp-json\/wp\/v2\/posts\/83279\/revisions"}],"wp:featuredmedia":[{"embeddable":true,"href":"https:\/\/mediarun.com\/pl\/wp-json\/wp\/v2\/media\/83280"}],"wp:attachment":[{"href":"https:\/\/mediarun.com\/pl\/wp-json\/wp\/v2\/media?parent=83279"}],"wp:term":[{"taxonomy":"category","embeddable":true,"href":"https:\/\/mediarun.com\/pl\/wp-json\/wp\/v2\/categories?post=83279"},{"taxonomy":"post_tag","embeddable":true,"href":"https:\/\/mediarun.com\/pl\/wp-json\/wp\/v2\/tags?post=83279"}],"curies":[{"name":"wp","href":"https:\/\/api.w.org\/{rel}","templated":true}]}}