{"id":83278,"date":"2005-12-21T02:51:58","date_gmt":"2005-12-21T01:51:58","guid":{"rendered":"https:\/\/mediarun.com\/index.php\/news-posts\/immunitet-dla-o-rydzyka\/"},"modified":"2005-12-21T02:51:58","modified_gmt":"2005-12-21T01:51:58","slug":"immunitet-dla-o-rydzyka","status":"publish","type":"post","link":"https:\/\/mediarun.com\/pl\/media\/radio\/immunitet-dla-o-rydzyka.html","title":{"rendered":"Immunitet dla o. Rydzyka?"},"content":{"rendered":"<p>&#8211; Z nowelizacji wynika, \u017ce politycy chc\u0105 roztoczy\u0107 parasol ochronny nad nadawcami spo\u0142ecznymi. Wed\u0142ug departamentu koncesyjnego KRRiT w Polsce dzia\u0142a 11 nadawc\u00f3w spo\u0142ecznych (w wi\u0119kszo\u015bci rozg\u0142o\u015bnie diecezjalne), ale zdecydowanie najwi\u0119kszym z nich jest Radio Maryja. Jak ju\u017c pisali\u015bmy, teraz nadawcom spo\u0142ecznym b\u0119dzie \u0142atwiej otrzyma\u0107 koncesje. I trudniej b\u0119dzie je straci\u0107, bo w my\u015bl nowej ustawy b\u0119dzie to mo\u017cliwe tylko je\u015bli: &#8226;  s\u0105d wyda &#8222;prawomocne orzeczenie zakazuj\u0105ce nadawcy wykonywania dzia\u0142alno\u015bci gospodarczej obj\u0119tej koncesj\u0105&#8221;; &#8226;  nadawcy b\u0119d\u0105 &#8222;ra\u017c\u0105co narusza\u0107 warunki okre\u015blone w ustawie lub w koncesji&#8221; albo &#8226;  ich dzia\u0142alno\u015b\u0107 b\u0119dzie wykonywana w spos\u00f3b sprzeczny &#8222;z ustaw\u0105 lub z warunkami okre\u015blonymi w koncesji&#8221; i nie b\u0119d\u0105 podporz\u0105dkowywa\u0107 si\u0119 wezwaniom szefa KRRiT. &#8211; pisze &#8222;Gazeta Wyborcza&#8221;<\/p>\n<p>&#8211; Natomiast regulator rynku nie b\u0119dzie m\u00f3g\u0142 zabra\u0107 takiemu nadawcy koncesji, nawet je\u015bli jego program zagra\u017ca &#8222;interesom kultury narodowej, bezpiecze\u0144stwa i obronno\u015bci pa\u0144stwa lub narusza normy dobrego obyczaju&#8221; albo kto\u015b przejmie kontrol\u0119 nad takim nadawc\u0105. &#8211; zauwa\u017ca dziennik<\/p>\n<p>&#8211; Ustawa przewiduje likwidacj\u0119 Urz\u0119du Regulacji Telekomunikacji i Poczty i powo\u0142anie w jego miejsce Urz\u0119du Komunikacji Elektronicznej, kt\u00f3ry ma m.in. regulowa\u0107 zasady korzystania z cz\u0119stotliwo\u015bci. Utworzenie nowego urz\u0119du b\u0119dzie na pewno pretekstem do zmiany obecnego szefa URTiP Witolda Grabosia, kt\u00f3rego dzia\u0142alno\u015b\u0107 PiS krytykowa\u0142 ju\u017c nieraz. Podobny ruch wykona\u0142 cztery lata temu SLD, by wymieni\u0107 \u00f3wczesnego prezesa Urz\u0119du Regulacji Telekomunikacji Kazimierza Ferenca (AWS). Do nazwy instytucji dodano &#8222;i Poczty&#8221;, a miejsce Ferenca zaj\u0105\u0142 popierany przez SLD Grabo\u015b. &#8211; informuje &#8222;GW&#8221;<\/p>\n","protected":false},"excerpt":{"rendered":"&#8211; Jutro Senat b\u0119dzie obradowa\u0142 nad zmianami w ustawie o RTV. Nowelizacja daje Radiu Maryja immunitet por\u00f3wnywalny z dyplomatycznym, prezydentowi wp\u0142yw na bie\u017c\u0105c\u0105 dzia\u0142alno\u015b\u0107 Krajowej Rady Radiofonii i Telewizji, a KRRiT nowe zadanie polegaj\u0105ce na &#8222;ochronie zasad etyki dziennikarskiej&#8221; &#8211; czytamy w &#8222;Gazecie Wyborczej&#8221;","protected":false},"author":1,"featured_media":0,"comment_status":"open","ping_status":"closed","sticky":false,"template":"","format":"standard","meta":{"csco_display_header_overlay":false,"csco_singular_sidebar":"","csco_page_header_type":"","csco_page_load_nextpost":"","csco_post_video_location":[],"csco_post_video_location_hash":"","csco_post_video_url":"","csco_post_video_bg_start_time":0,"csco_post_video_bg_end_time":0,"footnotes":""},"categories":[9672],"tags":[],"class_list":{"0":"post-83278","1":"post","2":"type-post","3":"status-publish","4":"format-standard","6":"category-radio","7":"cs-entry","8":"cs-video-wrap"},"_links":{"self":[{"href":"https:\/\/mediarun.com\/pl\/wp-json\/wp\/v2\/posts\/83278","targetHints":{"allow":["GET"]}}],"collection":[{"href":"https:\/\/mediarun.com\/pl\/wp-json\/wp\/v2\/posts"}],"about":[{"href":"https:\/\/mediarun.com\/pl\/wp-json\/wp\/v2\/types\/post"}],"author":[{"embeddable":true,"href":"https:\/\/mediarun.com\/pl\/wp-json\/wp\/v2\/users\/1"}],"replies":[{"embeddable":true,"href":"https:\/\/mediarun.com\/pl\/wp-json\/wp\/v2\/comments?post=83278"}],"version-history":[{"count":0,"href":"https:\/\/mediarun.com\/pl\/wp-json\/wp\/v2\/posts\/83278\/revisions"}],"wp:attachment":[{"href":"https:\/\/mediarun.com\/pl\/wp-json\/wp\/v2\/media?parent=83278"}],"wp:term":[{"taxonomy":"category","embeddable":true,"href":"https:\/\/mediarun.com\/pl\/wp-json\/wp\/v2\/categories?post=83278"},{"taxonomy":"post_tag","embeddable":true,"href":"https:\/\/mediarun.com\/pl\/wp-json\/wp\/v2\/tags?post=83278"}],"curies":[{"name":"wp","href":"https:\/\/api.w.org\/{rel}","templated":true}]}}