{"id":83277,"date":"2005-12-21T03:53:01","date_gmt":"2005-12-21T02:53:01","guid":{"rendered":"https:\/\/mediarun.com\/index.php\/news-posts\/dagbladet-o-kupnie-orkli\/"},"modified":"2005-12-21T03:53:01","modified_gmt":"2005-12-21T02:53:01","slug":"dagbladet-o-kupnie-orkli","status":"publish","type":"post","link":"https:\/\/mediarun.com\/pl\/media\/prasa\/dagbladet-o-kupnie-orkli.html","title":{"rendered":"Dagbladet o kupnie Orkli"},"content":{"rendered":"<p> &#8211; Jeste\u015bmy zainteresowani ca\u0142o\u015bci\u0105 Orkli Media i p\u0142acimy got\u00f3wk\u0105 &#8211; stwierdzi\u0142 Cato Hellesjo, szef Avishuset Dagbladet w rozmowie z norweskim dziennikiem biznesowym &#8222;Dagens Naeringsliv&#8221;. &#8211; Gazeta ju\u017c na pocz\u0105tku grudnia poinformowa\u0142a, \u017ce Dagbladet, kontrolowany przez Jensa Heyerdahla, by\u0142ego prezesa Orkli, pracuje nad sfinansowaniem kupna Orkli Media wycenianej na 8 &#8211; 9 mld koron norweskich, czyli ok. 1,1 &#8211; 1,2 mld euro. Wed\u0142ug szefa Avishuset Dagbladet, got\u00f3wk\u0119 na kupno tej jednej z najwi\u0119kszych skandynawskich grup prasowych zapewni tr\u00f3jka znanych norweskich biznesmen\u00f3w: Jens Heyerdahl, wsp\u00f3\u0142tw\u00f3rca Orkli Media, dzia\u0142aj\u0105cy na rynku nieruchomo\u015bci Torstein Tvenge i armator Ragnar Horn. &#8211; pisze 'Rz&#8221;<\/p>\n<p>&#8211; Zdaniem norweskiej prasy Avishuset Dagbladet jest teraz najpowa\u017cniejszym krajowym kandydatem do przej\u0119cia Orkli Media. Jako norweska firma mo\u017ce liczy\u0107 na poparcie polityk\u00f3w, a tak\u017ce pracownik\u00f3w Orkli Media, kt\u00f3rzy ceni\u0105 tradycj\u0119 &#8222;Dagbladet&#8221; si\u0119gaj\u0105c\u0105 1869 r.  &#8211; informuje &#8222;Rzeczpospolita&#8221;<\/p>\n","protected":false},"excerpt":{"rendered":"Jak informuje &#8222;Rzeczpospolita&#8221;, Dom prasowy Avishuset Dagbladet, wydawca &#8222;Dagbladet&#8221;, czo\u0142owego dziennika w Norwegii, og\u0142osi\u0142 plany kupna medialnej cz\u0119\u015bci koncernu Orkla. Nale\u017cy do niego te\u017c Presspublica, wydawca &#8222;Rz&#8221;","protected":false},"author":1,"featured_media":0,"comment_status":"open","ping_status":"closed","sticky":false,"template":"","format":"standard","meta":{"csco_display_header_overlay":false,"csco_singular_sidebar":"","csco_page_header_type":"","csco_page_load_nextpost":"","csco_post_video_location":[],"csco_post_video_location_hash":"","csco_post_video_url":"","csco_post_video_bg_start_time":0,"csco_post_video_bg_end_time":0,"footnotes":""},"categories":[9673],"tags":[],"class_list":{"0":"post-83277","1":"post","2":"type-post","3":"status-publish","4":"format-standard","6":"category-prasa","7":"cs-entry","8":"cs-video-wrap"},"_links":{"self":[{"href":"https:\/\/mediarun.com\/pl\/wp-json\/wp\/v2\/posts\/83277","targetHints":{"allow":["GET"]}}],"collection":[{"href":"https:\/\/mediarun.com\/pl\/wp-json\/wp\/v2\/posts"}],"about":[{"href":"https:\/\/mediarun.com\/pl\/wp-json\/wp\/v2\/types\/post"}],"author":[{"embeddable":true,"href":"https:\/\/mediarun.com\/pl\/wp-json\/wp\/v2\/users\/1"}],"replies":[{"embeddable":true,"href":"https:\/\/mediarun.com\/pl\/wp-json\/wp\/v2\/comments?post=83277"}],"version-history":[{"count":0,"href":"https:\/\/mediarun.com\/pl\/wp-json\/wp\/v2\/posts\/83277\/revisions"}],"wp:attachment":[{"href":"https:\/\/mediarun.com\/pl\/wp-json\/wp\/v2\/media?parent=83277"}],"wp:term":[{"taxonomy":"category","embeddable":true,"href":"https:\/\/mediarun.com\/pl\/wp-json\/wp\/v2\/categories?post=83277"},{"taxonomy":"post_tag","embeddable":true,"href":"https:\/\/mediarun.com\/pl\/wp-json\/wp\/v2\/tags?post=83277"}],"curies":[{"name":"wp","href":"https:\/\/api.w.org\/{rel}","templated":true}]}}