{"id":83234,"date":"2005-12-21T17:13:23","date_gmt":"2005-12-21T16:13:23","guid":{"rendered":"https:\/\/mediarun.com\/index.php\/news-posts\/jubileusz-audycji-radiowej-jedynki\/"},"modified":"2005-12-21T17:13:23","modified_gmt":"2005-12-21T16:13:23","slug":"jubileusz-audycji-radiowej-jedynki","status":"publish","type":"post","link":"https:\/\/mediarun.com\/pl\/media\/radio\/jubileusz-audycji-radiowej-jedynki.html","title":{"rendered":"Jubileusz audycji radiowej Jedynki"},"content":{"rendered":"<p>W jubileuszowym programie pojawi si\u0119 m.in. felieton Danuty Dykowskiej &#8222;Muzyka i Aktualno\u015bci na ka\u017cd\u0105 pogod\u0119&#8221; i Henryka Urbasia &#8222;55-letni bieg z przeszkodami&#8221; oraz archiwalne materia\u0142y czy fragmenty audycji \u015bwi\u0105tecznych i jubileuszowych. W audycji r\u00f3wnie\u017c Tadeusz Sznuk i Pawe\u0142 Wojew\u00f3dzka opowiedz\u0105 o swoich przygodach z programem.<\/p>\n<p>Program &#8222;Muzyka i Aktualno\u015bci&#8221; pojawi\u0142 si\u0119 na antenie Jedynki 18 wrze\u015bnia 1950 roku. Audycja o publicystyczno-informacyjnym mia\u0142a w zamierzeniu \u00f3wczesnych decydent\u00f3w politycznych by\u0107 rodzajem konia troja\u0144skiego, pozyskiwa\u0107 m\u0142odych s\u0142uchaczy dla &#8222;jedynie s\u0142usznej ideologii&#8221; za pomoc\u0105 nieobecnych w innych programach Polskiego Radia jazzu i rozrywkowej muzyki zachodniej. Zamys\u0142 jednak nie okaza\u0142 si\u0119 sukcesem, o czym \u015bwiadczy\u0142yby liczne zmiany kierownik\u00f3w audycji, a tak\u017ce kilkakrotne decyzje o jej zawieszaniu.<\/p>\n<p>Audycja od pocz\u0105tku koncentrowa\u0142a si\u0119 na tematyce spo\u0142ecznej, obyczajowej i kulturalnej. Wynika\u0142o to tyle\u017c z zainteresowa\u0144 i predyspozycji jej dziennikarzy i redaktor\u00f3w, jak i ich \u017cyciorys\u00f3w. <\/p>\n","protected":false},"excerpt":{"rendered":"W pierwszy dzie\u0144 \u015bwi\u0105t Bo\u017cego Narodzenia radiowa Jedynka nada specjalne wydanie programu &#8222;Muzyka i Aktualno\u015bci&#8221; z okazji 55-lecia audycji. Jubileuszowe wspomnienia 25 grudnia mi\u0119dzy godzin\u0105 18, a 20 poprowadz\u0105 Danuta Dykowska i Pawe\u0142 Wojew\u00f3dka.","protected":false},"author":1,"featured_media":83235,"comment_status":"open","ping_status":"closed","sticky":false,"template":"","format":"standard","meta":{"csco_display_header_overlay":false,"csco_singular_sidebar":"","csco_page_header_type":"","csco_page_load_nextpost":"","csco_post_video_location":[],"csco_post_video_location_hash":"","csco_post_video_url":"","csco_post_video_bg_start_time":0,"csco_post_video_bg_end_time":0,"footnotes":""},"categories":[9672],"tags":[],"class_list":{"0":"post-83234","1":"post","2":"type-post","3":"status-publish","4":"format-standard","5":"has-post-thumbnail","7":"category-radio","8":"cs-entry","9":"cs-video-wrap"},"_links":{"self":[{"href":"https:\/\/mediarun.com\/pl\/wp-json\/wp\/v2\/posts\/83234","targetHints":{"allow":["GET"]}}],"collection":[{"href":"https:\/\/mediarun.com\/pl\/wp-json\/wp\/v2\/posts"}],"about":[{"href":"https:\/\/mediarun.com\/pl\/wp-json\/wp\/v2\/types\/post"}],"author":[{"embeddable":true,"href":"https:\/\/mediarun.com\/pl\/wp-json\/wp\/v2\/users\/1"}],"replies":[{"embeddable":true,"href":"https:\/\/mediarun.com\/pl\/wp-json\/wp\/v2\/comments?post=83234"}],"version-history":[{"count":0,"href":"https:\/\/mediarun.com\/pl\/wp-json\/wp\/v2\/posts\/83234\/revisions"}],"wp:featuredmedia":[{"embeddable":true,"href":"https:\/\/mediarun.com\/pl\/wp-json\/wp\/v2\/media\/83235"}],"wp:attachment":[{"href":"https:\/\/mediarun.com\/pl\/wp-json\/wp\/v2\/media?parent=83234"}],"wp:term":[{"taxonomy":"category","embeddable":true,"href":"https:\/\/mediarun.com\/pl\/wp-json\/wp\/v2\/categories?post=83234"},{"taxonomy":"post_tag","embeddable":true,"href":"https:\/\/mediarun.com\/pl\/wp-json\/wp\/v2\/tags?post=83234"}],"curies":[{"name":"wp","href":"https:\/\/api.w.org\/{rel}","templated":true}]}}