{"id":83232,"date":"2005-12-21T17:30:23","date_gmt":"2005-12-21T16:30:23","guid":{"rendered":"https:\/\/mediarun.com\/index.php\/news-posts\/inicjatywa-025-proc\/"},"modified":"2005-12-21T17:30:23","modified_gmt":"2005-12-21T16:30:23","slug":"inicjatywa-025-proc","status":"publish","type":"post","link":"https:\/\/mediarun.com\/pl\/trendy\/branding\/inicjatywa-025-proc.html","title":{"rendered":"&#8222;Inicjatywa 0,25 proc.&#8221;"},"content":{"rendered":"<p>Od 1993 roku, dzia\u0142alno\u015b\u0107 gospodarcz\u0105 firm z sektora upomink\u00f3w reklamowych ograniczaj\u0105 krzywdz\u0105ce przepisy ustawy o podatku dochodowym. Niesprawiedliwy podzia\u0142 na reklam\u0119 publiczn\u0105 i niepubliczn\u0105 oraz limit 0,25 proc. wydatk\u00f3w na t\u0119 drug\u0105, \u0142ami\u0105 konstytucyjn\u0105 zasad\u0119 r\u00f3wno\u015bci wobec prawa. Akcja &#8222;Inicjatywa 0,25 proc.&#8221; to dzia\u0142ania zmierzaj\u0105ce do rozdzielenia koszt\u00f3w reprezentacji i reklamy oraz zniesienia limitu 0,25 lub zast\u0105pienia go zr\u00f3\u017cnicowanym limitem dygresyjno-kwotowym uzale\u017cnionym od obrot\u00f3w przedsi\u0119biorstwa. <\/p>\n<p>&#8211; Ju\u017c w listopadzie nowych parlamentarzyst\u00f3w &#8222;powitali\u015bmy&#8221; pismem akcentuj\u0105cym nasz problem. Otrzymali\u015bmy kilkana\u015bcie list\u00f3w zwrotnych oraz m.in. zapowied\u017a interpelacji pani pose\u0142 Katarzyny Mrzyg\u0142odzkiej (Platforma Obywatelska). Pan pose\u0142 Krzysztof Sikora w li\u015bcie z dn. 12 grudnia zapewnia nas, \u017ce &#8222;W spos\u00f3b ewidentny z\u0142amana zosta\u0142a konstytucja. Samoobrona RP gotowa jest z\u0142o\u017cy\u0107 projekt ustawy o podatku dochodowym od os\u00f3b prawnych oraz podatku dochodowym od os\u00f3b fizycznych, z uwzgl\u0119dnieniem aspekt\u00f3w wskazanych przez Pa\u0144stwa&#8221;. Problemem b\u0119dzie si\u0119 zajmowa\u0107 pan Marek Ochman &#8211; dyrektor departamentu prawnego w Ministerstwie Finans\u00f3w oraz na wniosek pana marsza\u0142ka senatu Bogdana Borusewicza &#8211; senacka komisja gospodarki narodowej. W styczniu b\u0119dziemy d\u0105\u017cy\u0107 do bezpo\u015brednich spotka\u0144 z osobami, kt\u00f3re odpowiedzia\u0142y na nasz list &#8211; m\u00f3wi Anna Mi\u015bta, koordynator akcji Inicjatywa 0,25 proc.<\/p>\n<p>Akcj\u0119 popieraj\u0105 m.in.: Zwi\u0105zek Rzemios\u0142a Polskiego, Konfederacja Pracodawc\u00f3w Prywatnych, Polska Korporacja Targowa, Biuro Reklamy S.A. Zarz\u0105d Targ\u00f3w Warszawskich, Mi\u0119dzynarodowe Targi Pozna\u0144skie.<\/p>\n","protected":false},"excerpt":{"rendered":"Wydawnictwo Business Media Group przeprowadzi\u0142o kolejn\u0105 akcj\u0119 mailingow\u0105 skierowan\u0105 do pos\u0142\u00f3w i senator\u00f3w obecnej kadencji. \u015awi\u0105teczne kartki pocztowe z has\u0142em &#8222;0,25 proc. karpia??? W tym roku te\u017c mamy limitowane \u015awi\u0119ta. Jak b\u0119dziemy mie\u0107 za rok?&#8221; odnosz\u0105 si\u0119 do limitu wydatk\u00f3w na reklam\u0119 niepubliczn\u0105.","protected":false},"author":1,"featured_media":0,"comment_status":"open","ping_status":"closed","sticky":false,"template":"","format":"standard","meta":{"csco_display_header_overlay":false,"csco_singular_sidebar":"","csco_page_header_type":"","csco_page_load_nextpost":"","csco_post_video_location":[],"csco_post_video_location_hash":"","csco_post_video_url":"","csco_post_video_bg_start_time":0,"csco_post_video_bg_end_time":0,"footnotes":""},"categories":[9658],"tags":[],"class_list":{"0":"post-83232","1":"post","2":"type-post","3":"status-publish","4":"format-standard","6":"category-branding","7":"cs-entry","8":"cs-video-wrap"},"_links":{"self":[{"href":"https:\/\/mediarun.com\/pl\/wp-json\/wp\/v2\/posts\/83232","targetHints":{"allow":["GET"]}}],"collection":[{"href":"https:\/\/mediarun.com\/pl\/wp-json\/wp\/v2\/posts"}],"about":[{"href":"https:\/\/mediarun.com\/pl\/wp-json\/wp\/v2\/types\/post"}],"author":[{"embeddable":true,"href":"https:\/\/mediarun.com\/pl\/wp-json\/wp\/v2\/users\/1"}],"replies":[{"embeddable":true,"href":"https:\/\/mediarun.com\/pl\/wp-json\/wp\/v2\/comments?post=83232"}],"version-history":[{"count":0,"href":"https:\/\/mediarun.com\/pl\/wp-json\/wp\/v2\/posts\/83232\/revisions"}],"wp:attachment":[{"href":"https:\/\/mediarun.com\/pl\/wp-json\/wp\/v2\/media?parent=83232"}],"wp:term":[{"taxonomy":"category","embeddable":true,"href":"https:\/\/mediarun.com\/pl\/wp-json\/wp\/v2\/categories?post=83232"},{"taxonomy":"post_tag","embeddable":true,"href":"https:\/\/mediarun.com\/pl\/wp-json\/wp\/v2\/tags?post=83232"}],"curies":[{"name":"wp","href":"https:\/\/api.w.org\/{rel}","templated":true}]}}