{"id":83208,"date":"2005-12-22T06:00:00","date_gmt":"2005-12-22T05:00:00","guid":{"rendered":"https:\/\/mediarun.com\/index.php\/news-posts\/zmiany-personalne-w-polskapresse-2\/"},"modified":"2005-12-22T06:00:00","modified_gmt":"2005-12-22T05:00:00","slug":"zmiany-personalne-w-polskapresse-2","status":"publish","type":"post","link":"https:\/\/mediarun.com\/pl\/ludzie\/awanse\/zmiany-personalne-w-polskapresse-2.html","title":{"rendered":"Zmiany personalne w Polskapresse"},"content":{"rendered":"<p>Od lutego 2006 roku Janusz Kozio\u0142 przejmuje obowi\u0105zki redaktora naczelnego Gazety Krakowskiej. Marek Zalejski, dotychczasowy redaktor naczelny, obejmie nowoutworzone stanowisko&nbsp;&#8211; dyrektora artystycznego Grupy Wydawniczej Polskapresse, gdzie b\u0119dzie odpowiada\u0142 za szat\u0119 graficzn\u0105 wszystkich gazet Polskapresse.<BR><BR>Marek Zalejski na stanowisko redaktora naczelnego zosta\u0142 powo\u0142any w listopadzie 2004 roku, po zmianie layoutu Gazety Krakowskiej, w celu wdro\u017cenia projektu redakcyjnego i graficznego. Zalejski jest wsp\u00f3\u0142w\u0142a\u015bcicielem Studia Q. Projektowa\u0142 lub wsp\u00f3\u0142tworzy\u0142 wiele gazet w ca\u0142ym kraju. Razem z Tomaszem Kuczborskim przygotowali w 1989 roku projekt Gazety Wyborczej. Zalejski przez trzyna\u015bcie lat wsp\u00f3\u0142pracowa\u0142 z Rzeczpospolit\u0105, w 2000 roku by\u0142 jej dyrektorem artystycznym. Jest autorem wielu projekt\u00f3w gazet regionalnych.<BR><BR>Janusz Kozio\u0142 zwi\u0105zany z Gazet\u0105 Krakowsk\u0105 od 1985 roku. Pracowa\u0142 w dziale publicystyki, by\u0142 kierownikiem dzia\u0142u sportowego. Od wrze\u015bnia pe\u0142ni funkcj\u0119 zast\u0119pcy redaktora naczelnego Gazety Krakowskiej.<BR><\/p>\n","protected":false},"excerpt":{"rendered":"Marek Zalejski dyrektorem artystycznym Polskapresse, Janusz Kozio\u0142 redaktorem naczelnym Gazety Krakowskiej.","protected":false},"author":1,"featured_media":83209,"comment_status":"open","ping_status":"closed","sticky":false,"template":"","format":"standard","meta":{"csco_display_header_overlay":false,"csco_singular_sidebar":"","csco_page_header_type":"","csco_page_load_nextpost":"","csco_post_video_location":[],"csco_post_video_location_hash":"","csco_post_video_url":"","csco_post_video_bg_start_time":0,"csco_post_video_bg_end_time":0,"footnotes":""},"categories":[9678],"tags":[],"class_list":{"0":"post-83208","1":"post","2":"type-post","3":"status-publish","4":"format-standard","5":"has-post-thumbnail","7":"category-awanse","8":"cs-entry","9":"cs-video-wrap"},"_links":{"self":[{"href":"https:\/\/mediarun.com\/pl\/wp-json\/wp\/v2\/posts\/83208","targetHints":{"allow":["GET"]}}],"collection":[{"href":"https:\/\/mediarun.com\/pl\/wp-json\/wp\/v2\/posts"}],"about":[{"href":"https:\/\/mediarun.com\/pl\/wp-json\/wp\/v2\/types\/post"}],"author":[{"embeddable":true,"href":"https:\/\/mediarun.com\/pl\/wp-json\/wp\/v2\/users\/1"}],"replies":[{"embeddable":true,"href":"https:\/\/mediarun.com\/pl\/wp-json\/wp\/v2\/comments?post=83208"}],"version-history":[{"count":0,"href":"https:\/\/mediarun.com\/pl\/wp-json\/wp\/v2\/posts\/83208\/revisions"}],"wp:featuredmedia":[{"embeddable":true,"href":"https:\/\/mediarun.com\/pl\/wp-json\/wp\/v2\/media\/83209"}],"wp:attachment":[{"href":"https:\/\/mediarun.com\/pl\/wp-json\/wp\/v2\/media?parent=83208"}],"wp:term":[{"taxonomy":"category","embeddable":true,"href":"https:\/\/mediarun.com\/pl\/wp-json\/wp\/v2\/categories?post=83208"},{"taxonomy":"post_tag","embeddable":true,"href":"https:\/\/mediarun.com\/pl\/wp-json\/wp\/v2\/tags?post=83208"}],"curies":[{"name":"wp","href":"https:\/\/api.w.org\/{rel}","templated":true}]}}