{"id":83206,"date":"2005-12-22T06:00:00","date_gmt":"2005-12-22T05:00:00","guid":{"rendered":"https:\/\/mediarun.com\/index.php\/news-posts\/sufin-nowym-szefem-panoramy\/"},"modified":"2005-12-22T06:00:00","modified_gmt":"2005-12-22T05:00:00","slug":"sufin-nowym-szefem-panoramy","status":"publish","type":"post","link":"https:\/\/mediarun.com\/pl\/ludzie\/awanse\/sufin-nowym-szefem-panoramy.html","title":{"rendered":"Sufin nowym szefem Panoramy"},"content":{"rendered":"<p><P>szef Panoramy Dariusz \u0141ukawski b\u0119dzie kierownikiem Redakcji Publicystyki i Edukacji telewizyjnej Dw\u00f3jki. Sufin zacznie kierowa\u0107 Panoram\u0105 1 stycznia 2006 roku.<\/P><br \/>\n<P>O zmianach w Dw\u00f3jce poinformowa\u0142 rzecznik TVP Jaros\u0142aw Szczepa\u0144ski. Doda\u0142, \u017ce zarz\u0105d TVP S.A. podejmuj\u0105c decyzj\u0119 o zmianie szefa Panoramy kierowa\u0142 si\u0119 konieczno\u015bci\u0105 unowocze\u015bnienia i uatrakcyjnienia programu. Efektem tych zmian ma by\u0107 m.in. zwi\u0119kszenie jego widowni.<\/P><br \/>\n<P>Wed\u0142ug TNS OBOP, g\u0142\u00f3wne wydanie Panoramy ogl\u0105da 22 proc. widz\u00f3w, kt\u00f3rzy w tym czasie maj\u0105 w\u0142\u0105czone telewizory. Dla por\u00f3wnania Teleexpres ma 47 proc. udzia\u0142\u00f3w w rynku, Wiadomo\u015bci &#8211; 39 proc., Fakty TVN &#8211; 25 proc., a Wydarzenia w Polsacie &#8211; 21 proc. Dane dotycz\u0105 okresu od 1 stycznia do 26 wrze\u015bnia 2005 r.<\/P><br \/>\n<P>Krzysztof Kuba Sufin ostatnio pracowa\u0142 w TVN 24, gdzie odpowiada\u0142 za pasmo Poranek TVN24, kt\u00f3rego by\u0142 wsp\u00f3\u0142tw\u00f3rc\u0105. Wcze\u015bniej pracowa\u0142 w Polskim Radiu, gdzie wsp\u00f3\u0142tworzy\u0142 Radio INFO b\u0119d\u0105ce poprzednikiem Informacyjnej Agencji Radiowej. Pracowa\u0142 tak\u017ce w PAP oraz w TVP, gdzie w latach 1994-97 by\u0142 wydawc\u0105 programu publicystycznego Puls dnia.<\/P><br \/>\n<P>Sufin ma 49 lat. Studiowa\u0142 w PWST im. Zelwerowicza w Warszawie. <\/P><\/p>\n","protected":false},"excerpt":{"rendered":"Krzysztof Kuba Sufin zosta\u0142 nowym szefem Panoramy &#8211; jedynego programu informacyjnego TVP2. Dotychczasowy&#8230;","protected":false},"author":1,"featured_media":83207,"comment_status":"open","ping_status":"closed","sticky":false,"template":"","format":"standard","meta":{"csco_display_header_overlay":false,"csco_singular_sidebar":"","csco_page_header_type":"","csco_page_load_nextpost":"","csco_post_video_location":[],"csco_post_video_location_hash":"","csco_post_video_url":"","csco_post_video_bg_start_time":0,"csco_post_video_bg_end_time":0,"footnotes":""},"categories":[9678],"tags":[],"class_list":{"0":"post-83206","1":"post","2":"type-post","3":"status-publish","4":"format-standard","5":"has-post-thumbnail","7":"category-awanse","8":"cs-entry","9":"cs-video-wrap"},"_links":{"self":[{"href":"https:\/\/mediarun.com\/pl\/wp-json\/wp\/v2\/posts\/83206","targetHints":{"allow":["GET"]}}],"collection":[{"href":"https:\/\/mediarun.com\/pl\/wp-json\/wp\/v2\/posts"}],"about":[{"href":"https:\/\/mediarun.com\/pl\/wp-json\/wp\/v2\/types\/post"}],"author":[{"embeddable":true,"href":"https:\/\/mediarun.com\/pl\/wp-json\/wp\/v2\/users\/1"}],"replies":[{"embeddable":true,"href":"https:\/\/mediarun.com\/pl\/wp-json\/wp\/v2\/comments?post=83206"}],"version-history":[{"count":0,"href":"https:\/\/mediarun.com\/pl\/wp-json\/wp\/v2\/posts\/83206\/revisions"}],"wp:featuredmedia":[{"embeddable":true,"href":"https:\/\/mediarun.com\/pl\/wp-json\/wp\/v2\/media\/83207"}],"wp:attachment":[{"href":"https:\/\/mediarun.com\/pl\/wp-json\/wp\/v2\/media?parent=83206"}],"wp:term":[{"taxonomy":"category","embeddable":true,"href":"https:\/\/mediarun.com\/pl\/wp-json\/wp\/v2\/categories?post=83206"},{"taxonomy":"post_tag","embeddable":true,"href":"https:\/\/mediarun.com\/pl\/wp-json\/wp\/v2\/tags?post=83206"}],"curies":[{"name":"wp","href":"https:\/\/api.w.org\/{rel}","templated":true}]}}