{"id":83201,"date":"2005-12-22T06:00:00","date_gmt":"2005-12-22T05:00:00","guid":{"rendered":"https:\/\/mediarun.com\/index.php\/news-posts\/prezes-pachowski-zrezygnowal\/"},"modified":"2005-12-22T06:00:00","modified_gmt":"2005-12-22T05:00:00","slug":"prezes-pachowski-zrezygnowal","status":"publish","type":"post","link":"https:\/\/mediarun.com\/pl\/ludzie\/awanse\/prezes-pachowski-zrezygnowal.html","title":{"rendered":"Prezes Pachowski zrezygnowa\u0142"},"content":{"rendered":"<p><P>Rada nadzorcza Polkomtelu przyj\u0119\u0142a wczoraj rezygnacj\u0119 prezesa sp\u00f3\u0142ki. Do pe\u0142nienia jego obowi\u0105zk\u00f3w powo\u0142a\u0142a Miros\u0142awa Bielickiego, wiceprezesa ds. rozwoju rynku. <\/P><br \/>\n<P>Nowego prezesa rada wybierze we wsp\u00f3\u0142pracy z wyspecjalizowan\u0105 w rekrutacji kadr firm\u0105 doradcz\u0105. Zrezygnowa\u0142 r\u00f3wnie\u017c dyrektor finansowy sp\u00f3\u0142ki, Finn Schkolnik. Od 5 lutego zast\u0105pi go Jacob Kjaer, rekomendowany przez du\u0144ski telekom TDC. <\/P><br \/>\n<P>Zmiana prezesa Polkomtelu nie jest zaskoczeniem. Od chwili wygrania wybor\u00f3w przez PiS trwa\u0142y spekulacje, kto go zast\u0105pi. <\/P><br \/>\n<P>Przez pewien czas za murowanego kandydata uchodzi\u0142 Maciej Srebro, minister \u0142\u0105czno\u015bci w rz\u0105dzie Jerzego Buzka. Potem pojawi\u0142a si\u0119 pog\u0142oska o ewentualnej kandydaturze Jaros\u0142awa Bauca, by\u0142ego ministra finans\u00f3w, a ostatnio, \u017ce nowym prezesem b\u0119dzie Maksymilian Bylicki, doradca prezydenta Lecha Kaczy\u0144skiego i sto\u0142eczny pe\u0142nomocnik ds. Warszawskiego Parku Technologicznego. <\/P><br \/>\n<P>Pojawia\u0142y si\u0119 te\u017c informacje, \u017ce udzia\u0142owcy operatora sk\u0142aniaj\u0105 si\u0119, by prezesa sp\u00f3\u0142ki wybra\u0107 w konkursie. <\/P><br \/>\n<P>Polkomtel jest drugim pod wzgl\u0119dem przychod\u00f3w i trzecim pod wzgl\u0119dem liczby klient\u00f3w operatorem kom\u00f3rkowym w Polsce. W ko\u0144cu III kwarta\u0142u mia\u0142 blisko 8,4 mln klient\u00f3w, 4 241 mln z\u0142 przychod\u00f3w i 861,3 mln z\u0142 zysku netto. <\/P><br \/>\n<P>W\u0142a\u015bcicielami operatora s\u0105 kontrolowane przez rz\u0105d sp\u00f3\u0142ki KGHM (19,61 proc. akcji), PKN Orlen (19,61 proc.), Polskie Sieci Elektroenergetyczne (17,56 proc.), W\u0119glokoks (4 proc.) oraz brytyjski operator kom\u00f3rkowy Vodafone (19,61 proc.) i du\u0144ski telekom TDC (19,61 proc.). <\/P><br \/>\n<P>Polscy udzia\u0142owcy od wielu miesi\u0119cy deklaruj\u0105 ch\u0119\u0107 sprzeda\u017cy posiadanego pakietu akcji operatora. W ostatnich dniach pojawi\u0142y si\u0119 te\u017c pog\u0142oski, \u017ce sw\u00f3j pakiet chce sprzeda\u0107 TDC. Potencjalnym ch\u0119tnym jest Vodafone, za\u015b zgodnie ze statutem sp\u00f3\u0142ki ka\u017cdy udzia\u0142owiec ma prawo pierwokupu wystawionego na sprzeda\u017c pakietu. <\/P><\/p>\n","protected":false},"excerpt":{"rendered":"Od 2 stycznia swoje urz\u0119dowanie zako\u0144czy Jaros\u0142aw Pachowski, szef operatora sieci kom\u00f3rkowej Plus GSM","protected":false},"author":1,"featured_media":0,"comment_status":"open","ping_status":"closed","sticky":false,"template":"","format":"standard","meta":{"csco_display_header_overlay":false,"csco_singular_sidebar":"","csco_page_header_type":"","csco_page_load_nextpost":"","csco_post_video_location":[],"csco_post_video_location_hash":"","csco_post_video_url":"","csco_post_video_bg_start_time":0,"csco_post_video_bg_end_time":0,"footnotes":""},"categories":[9678],"tags":[],"class_list":{"0":"post-83201","1":"post","2":"type-post","3":"status-publish","4":"format-standard","6":"category-awanse","7":"cs-entry","8":"cs-video-wrap"},"_links":{"self":[{"href":"https:\/\/mediarun.com\/pl\/wp-json\/wp\/v2\/posts\/83201","targetHints":{"allow":["GET"]}}],"collection":[{"href":"https:\/\/mediarun.com\/pl\/wp-json\/wp\/v2\/posts"}],"about":[{"href":"https:\/\/mediarun.com\/pl\/wp-json\/wp\/v2\/types\/post"}],"author":[{"embeddable":true,"href":"https:\/\/mediarun.com\/pl\/wp-json\/wp\/v2\/users\/1"}],"replies":[{"embeddable":true,"href":"https:\/\/mediarun.com\/pl\/wp-json\/wp\/v2\/comments?post=83201"}],"version-history":[{"count":0,"href":"https:\/\/mediarun.com\/pl\/wp-json\/wp\/v2\/posts\/83201\/revisions"}],"wp:attachment":[{"href":"https:\/\/mediarun.com\/pl\/wp-json\/wp\/v2\/media?parent=83201"}],"wp:term":[{"taxonomy":"category","embeddable":true,"href":"https:\/\/mediarun.com\/pl\/wp-json\/wp\/v2\/categories?post=83201"},{"taxonomy":"post_tag","embeddable":true,"href":"https:\/\/mediarun.com\/pl\/wp-json\/wp\/v2\/tags?post=83201"}],"curies":[{"name":"wp","href":"https:\/\/api.w.org\/{rel}","templated":true}]}}