{"id":83185,"date":"2005-12-22T06:00:00","date_gmt":"2005-12-22T05:00:00","guid":{"rendered":"https:\/\/mediarun.com\/index.php\/news-posts\/kto-po-dworaku\/"},"modified":"2005-12-22T06:00:00","modified_gmt":"2005-12-22T05:00:00","slug":"kto-po-dworaku","status":"publish","type":"post","link":"https:\/\/mediarun.com\/pl\/media\/tv\/kto-po-dworaku.html","title":{"rendered":"Kto po Dworaku?"},"content":{"rendered":"<p><P>cz\u0142onek rady nadzorczej TVP Adam Paw\u0142owicz, oraz by\u0142y szef OBOP Wojciech Pawlak &#8211; to wed\u0142ug medi\u00f3w ewentualni kandydaci nowego szefa Telewizji Polskiej. <\/P><br \/>\n<P>Przewodnicz\u0105cy sejmowej komisji Komisji Kultury i \u015arodk\u00f3w Przekazu Pawe\u0142 Kowal (PiS) powiedzia\u0142 w \u015brod\u0119, \u017ce s\u0142ysza\u0142 o tych nazwiskach. &#8211; Te osoby s\u0105 wymieniane w ramach gie\u0142dy, ale nie mog\u0119 ich potwierdzi\u0107,&nbsp;&nbsp;ka\u017cda z tych os\u00f3b ma inne do\u015bwiadczenie w mediach, mo\u017cna powiedzie\u0107, \u017ce ka\u017cda si\u0119 na mediach zna &#8211; doda\u0142.<\/P><br \/>\n<P>Przypomnia\u0142 r\u00f3wnie\u017c, \u017ce to nie politycy wybior\u0105 szefa TVP, ale rada nadzorcza tego medium. &#8211; By\u0107 mo\u017ce obecna rada, a by\u0107 mo\u017ce nast\u0119pna. Reguluje to prawo. Rada nadzorcza ma prawem okre\u015blone terminy &#8211; nale\u017cy do tego podchodzi\u0107 spokojnie &#8211; uwa\u017ca pose\u0142. <\/P><br \/>\n<P>Kontrakt obecnego prezesa zarz\u0105du Telewizji Polskiej Jana Dworaka ko\u0144czy si\u0119 w maju 2006 r. R\u00f3wnie\u017c kadencja obecnej rady nadzorczej TVP ko\u0144czy si\u0119 wiosn\u0105 2006 r. Cz\u0142onk\u00f3w rady nadzorczej wybiera Krajowa Rada Radiofonii i Telewizji. Zdaniem polityk\u00f3w PO i SLD, PiS spieszy si\u0119 z uchwaleniem nowelizacji ustawy o radiofonii i telewizji w\u0142a\u015bnie po to, by nowa, a nie obecna KRRiT, wybra\u0142a nowe rady nadzorcze publicznych medi\u00f3w.&nbsp;&nbsp; <\/P><br \/>\n<P>Bronis\u0142aw Wildstein jest obecnie publicyst\u0105 tygodnika Wprost. Wies\u0142aw Walendziak jest wiceprezesem sp\u00f3\u0142ki Prokom Investment. Piotr Skwieci\u0144ski ostatnio pracowa\u0142 w Telewizji Puls. Wed\u0142ug Gazety Wyborczej Wojciech Pawlak doradza\u0142 ostatnio w Telewizji Polsat.<\/P><\/p>\n","protected":false},"excerpt":{"rendered":"Dziennikarze Bronis\u0142aw Wildstein i Piotr Skwieci\u0144ski, szef Biura Teatru i Muzyki w sto\u0142ecznym ratuszu Janusz Pietkiewicz, by\u0142y szef TVP Wies\u0142aw Walendziak&#8230;","protected":false},"author":1,"featured_media":83186,"comment_status":"open","ping_status":"closed","sticky":false,"template":"","format":"standard","meta":{"csco_display_header_overlay":false,"csco_singular_sidebar":"","csco_page_header_type":"","csco_page_load_nextpost":"","csco_post_video_location":[],"csco_post_video_location_hash":"","csco_post_video_url":"","csco_post_video_bg_start_time":0,"csco_post_video_bg_end_time":0,"footnotes":""},"categories":[9670],"tags":[],"class_list":{"0":"post-83185","1":"post","2":"type-post","3":"status-publish","4":"format-standard","5":"has-post-thumbnail","7":"category-tv","8":"cs-entry","9":"cs-video-wrap"},"_links":{"self":[{"href":"https:\/\/mediarun.com\/pl\/wp-json\/wp\/v2\/posts\/83185","targetHints":{"allow":["GET"]}}],"collection":[{"href":"https:\/\/mediarun.com\/pl\/wp-json\/wp\/v2\/posts"}],"about":[{"href":"https:\/\/mediarun.com\/pl\/wp-json\/wp\/v2\/types\/post"}],"author":[{"embeddable":true,"href":"https:\/\/mediarun.com\/pl\/wp-json\/wp\/v2\/users\/1"}],"replies":[{"embeddable":true,"href":"https:\/\/mediarun.com\/pl\/wp-json\/wp\/v2\/comments?post=83185"}],"version-history":[{"count":0,"href":"https:\/\/mediarun.com\/pl\/wp-json\/wp\/v2\/posts\/83185\/revisions"}],"wp:featuredmedia":[{"embeddable":true,"href":"https:\/\/mediarun.com\/pl\/wp-json\/wp\/v2\/media\/83186"}],"wp:attachment":[{"href":"https:\/\/mediarun.com\/pl\/wp-json\/wp\/v2\/media?parent=83185"}],"wp:term":[{"taxonomy":"category","embeddable":true,"href":"https:\/\/mediarun.com\/pl\/wp-json\/wp\/v2\/categories?post=83185"},{"taxonomy":"post_tag","embeddable":true,"href":"https:\/\/mediarun.com\/pl\/wp-json\/wp\/v2\/tags?post=83185"}],"curies":[{"name":"wp","href":"https:\/\/api.w.org\/{rel}","templated":true}]}}