{"id":83182,"date":"2005-12-22T07:39:05","date_gmt":"2005-12-22T06:39:05","guid":{"rendered":"https:\/\/mediarun.com\/index.php\/news-posts\/przepis-na-media\/"},"modified":"2005-12-22T07:39:05","modified_gmt":"2005-12-22T06:39:05","slug":"przepis-na-media","status":"publish","type":"post","link":"https:\/\/mediarun.com\/pl\/media\/tv\/przepis-na-media.html","title":{"rendered":"PrzePiS na media"},"content":{"rendered":"<p>Jak pisze &#8222;GW&#8221;, ta nowelizacja ustawy medialnej b\u0142yskawicznie przesz\u0142a przez Sejm, wczoraj burzliwie dyskutowa\u0142 nad ni\u0105 Senat. PiS chce szybkiego odwo\u0142ania zdominowanej przez lewic\u0119 Krajowej Rady Radiofonii i Telewizji i natychmiastowego powo\u0142ania nowej Rady, w kt\u00f3rej b\u0119dzie mie\u0107 absolutn\u0105 wi\u0119kszo\u015b\u0107. To partii braci Kaczy\u0144skich wystarczy, by kontrolowa\u0107 przez lata media publiczne i komercyjne. <\/p>\n<p>&#8211; Ale w tak &#8222;szybkiej&#8221; ustawie znalaz\u0142o si\u0119 wiele drobnych b\u0142\u0119d\u00f3w legislacyjnych, a nawet zapisy w\u0105tpliwe konstytucyjnie. PiS, wbrew stanowisku rz\u0105du, zaakceptowa\u0142 poprawk\u0119 LPR, by tylko nadawcy spo\u0142eczni (czytaj: Radio Maryja) mogli automatycznie przed\u0142u\u017ca\u0107 koncesj\u0119. Z kolei Samoobrona postawi\u0142a warunek, by w ustawie znalaz\u0142 si\u0119 zapis, \u017ce KRRiT ma &#8222;inicjowa\u0107 i podejmowa\u0107 dzia\u0142ania w zakresie ochrony zasad etyki dziennikarskiej&#8221; &#8211; czytamy w gazecie.<\/p>\n<p>W \u015brod\u0119 PiS zacz\u0105\u0142 si\u0119 zastanawia\u0107, co pocz\u0105\u0107 z tym fantem. Pose\u0142 Antoni M\u0119\u017cyd\u0142o t\u0142umaczy\u0142 &#8222;GW&#8221;: &#8211; Prezydent Kaczy\u0144ski jest profesorem prawa, w naszym klubie jest najwi\u0119cej prawnik\u00f3w, uznali\u015bmy, \u017ce nie mo\u017cemy wypu\u015bci\u0107 takiego knota i oczekiwa\u0107, \u017ce prezydent go podpisze.<\/p>\n<p>Wi\u0119c senatorowie PiS przerwali debat\u0119 w Senacie. Chcieli LPR i Samoobron\u0119 przekona\u0107, by zgodzi\u0142y si\u0119 usun\u0105\u0107 swoje zapisy. Nie uda\u0142o si\u0119. <\/p>\n<p>M\u0119\u017cyd\u0142o: &#8211; Trzeba szanowa\u0107 raz dane s\u0142owo, wcze\u015bniej si\u0119 na te zapisy zgodzili\u015bmy. Musieli\u015bmy, bo bez g\u0142os\u00f3w LPR i Samoobrony nowelizacja ustawy nie przesz\u0142aby w parlamencie.<\/p>\n<p>Po tej decyzji PiS-u w Senacie rozp\u0119ta\u0142a si\u0119 prawdziwa burza. Kazimierz Kutz (niezale\u017cny): &#8211; PiS doszed\u0142 do w\u0142adzy i s\u0142usznie my\u015bli, \u017ceby si\u0119 rozprawi\u0107 z dominacj\u0105 lewicy w mediach. Ale pod tym pretekstem chce sam zaw\u0142aszczy\u0107 media. Nied\u0142ugo b\u0119d\u0105 wybory samorz\u0105dowe, a mo\u017ce i parlamentarne, PiS chce je wygra\u0107. Ta ustawa to precyzyjne narz\u0119dzie chirurgiczne, by ten cel osi\u0105gn\u0105\u0107.<\/p>\n<p>Wt\u00f3rowa\u0142 mu Stefan Niesio\u0142owski (PO): &#8211; PiS chce spr\u00f3bowa\u0107, czy je\u015bli kontroluje si\u0119 TVP, to mo\u017cna w\u0142adz\u0119 umocni\u0107, poszerzy\u0107, a mo\u017ce i uwieczni\u0107?<\/p>\n<p>Kutz nie zostawi\u0142 suchej nitki na poprawce Samoobrony. Przestrzega\u0142 senator\u00f3w, \u017ce to &#8222;zapowied\u017a mo\u017cliwo\u015bci cenzury w mediach&#8221;. Ryszard Legutko (PiS) by\u0142 oburzony: &#8211; Dlaczego, jak kto\u015b powie &#8222;etyka&#8221;, to od razu s\u0142ysz\u0119, \u017ce to straszenie cenzur\u0105 i inkwizycj\u0105.Czy to jest brzydkie s\u0142owo? <\/p>\n<p>Odpowiedzia\u0142 mu Krzysztof Piesiewicz (niezale\u017cny): &#8211; Nie chodzi o to, \u017ce kto\u015b si\u0119 boi s\u0142owa &#8222;etyka&#8221;, ale o to, by nie wprowadza\u0107 do ustawy zapisu, kt\u00f3ry pozwoli wzywa\u0107 dziennikarzy na dywanik. Dziennikarze musz\u0105 czu\u0107 si\u0119 wolni.<\/p>\n<p>Pomys\u0142u Samoobrony bronili dwaj byli cz\u0142onkowie KRRiT, Ryszard Bender i Jan Szafraniec (obaj z LPR).<\/p>\n<p>Niesio\u0142owski zapowiedzia\u0142, \u017ce PO zaskar\u017cy do Trybuna\u0142u Konstytucyjnego zapis o przywileju dla nadawc\u00f3w spo\u0142ecznych, bo narusza on konstytucyjn\u0105 zasad\u0119 r\u00f3wno\u015bci podmiot\u00f3w. To rozumowanie zdziwi\u0142o Ryszarda Legutk\u0119 z PiS, kt\u00f3ry przyzna\u0142, \u017ce &#8222;nie lubi r\u00f3wno\u015bci, bo wszystkie najgorsze rzeczy na \u015bwiecie dzia\u0142y si\u0119 w imi\u0119 r\u00f3wno\u015bci&#8221;. <\/p>\n<p>Tu z kolei oburzy\u0142 si\u0119 Piesiewicz: &#8211; Jestem g\u0142\u0119boko poruszony, \u017ce profesor Uniwersytetu Jagiello\u0144skiego zakwestionowa\u0142 zasad\u0119 r\u00f3wno\u015bci wobec prawa. Prosz\u0119 tego w Senacie nie kwestionowa\u0107! R\u00f3wno\u015b\u0107 jest fundamentem demokracji.<\/p>\n<p>W czwartek Senat przeg\u0142osuje ustaw\u0119, po \u015bwi\u0119tach senackimi poprawkami zajmie si\u0119 Sejm. Potem ustaw\u0119 podpisze nowy prezydent. PiS chce, by wesz\u0142a w \u017cycie 31 grudnia. Na pocz\u0105tku stycznia zostanie wybrana nowa KRRiT.<\/p>\n","protected":false},"excerpt":{"rendered":"W PiS-owskiej ustawie medialnej b\u0119dzie kontrola KRRiT nad &#8222;etyk\u0105 dziennikarsk\u0105&#8221; &#8211; jak chcia\u0142a Samoobrona. I b\u0119dzie specjalne prawo dla Radia Maryja &#8211; jak chcia\u0142 LPR. Bo PiS sam by ustawy nie przeprowadzi\u0142 &#8211; pisze &#8222;Gazeta Wyborcza&#8221;.","protected":false},"author":1,"featured_media":0,"comment_status":"open","ping_status":"closed","sticky":false,"template":"","format":"standard","meta":{"csco_display_header_overlay":false,"csco_singular_sidebar":"","csco_page_header_type":"","csco_page_load_nextpost":"","csco_post_video_location":[],"csco_post_video_location_hash":"","csco_post_video_url":"","csco_post_video_bg_start_time":0,"csco_post_video_bg_end_time":0,"footnotes":""},"categories":[9670],"tags":[],"class_list":{"0":"post-83182","1":"post","2":"type-post","3":"status-publish","4":"format-standard","6":"category-tv","7":"cs-entry","8":"cs-video-wrap"},"_links":{"self":[{"href":"https:\/\/mediarun.com\/pl\/wp-json\/wp\/v2\/posts\/83182","targetHints":{"allow":["GET"]}}],"collection":[{"href":"https:\/\/mediarun.com\/pl\/wp-json\/wp\/v2\/posts"}],"about":[{"href":"https:\/\/mediarun.com\/pl\/wp-json\/wp\/v2\/types\/post"}],"author":[{"embeddable":true,"href":"https:\/\/mediarun.com\/pl\/wp-json\/wp\/v2\/users\/1"}],"replies":[{"embeddable":true,"href":"https:\/\/mediarun.com\/pl\/wp-json\/wp\/v2\/comments?post=83182"}],"version-history":[{"count":0,"href":"https:\/\/mediarun.com\/pl\/wp-json\/wp\/v2\/posts\/83182\/revisions"}],"wp:attachment":[{"href":"https:\/\/mediarun.com\/pl\/wp-json\/wp\/v2\/media?parent=83182"}],"wp:term":[{"taxonomy":"category","embeddable":true,"href":"https:\/\/mediarun.com\/pl\/wp-json\/wp\/v2\/categories?post=83182"},{"taxonomy":"post_tag","embeddable":true,"href":"https:\/\/mediarun.com\/pl\/wp-json\/wp\/v2\/tags?post=83182"}],"curies":[{"name":"wp","href":"https:\/\/api.w.org\/{rel}","templated":true}]}}