{"id":83172,"date":"2005-12-22T14:22:59","date_gmt":"2005-12-22T13:22:59","guid":{"rendered":"https:\/\/mediarun.com\/index.php\/news-posts\/final-konkursu-europejskiego-rosatiego\/"},"modified":"2005-12-22T14:22:59","modified_gmt":"2005-12-22T13:22:59","slug":"final-konkursu-europejskiego-rosatiego","status":"publish","type":"post","link":"https:\/\/mediarun.com\/pl\/trendy\/branding\/final-konkursu-europejskiego-rosatiego.html","title":{"rendered":"Fina\u0142 konkursu Europejskiego Rosatiego"},"content":{"rendered":"<p>Konkurs adresowany do uczni\u00f3w szk\u00f3\u0142 ponadgimnazjalnych powiatu warszawskiego mia\u0142 na celu pog\u0142\u0119bienie wiedzy m\u0142odzie\u017cy na temat integracji europejskiej, miejsca Polski w strukturach Unii oraz przygotowanie ich do \u015bwiadomego uczestnictwa w \u017cyciu publicznym zintegrowanej Europy. Organizatorzy akcji upatruj\u0105 w uczestnikach konkursu przysz\u0142ych inicjator\u00f3w i moderator\u00f3w dzia\u0142a\u0144 europejskich podejmowanych w szko\u0142ach i spo\u0142eczno\u015bciach lokalnych.<\/p>\n<p>W konkursie wzi\u0119\u0142y udzia\u0142 trzyosobowe zespo\u0142y, kt\u00f3re przygotowa\u0142y prace w formie prezentacji multimedialnych i opisu. Na pocz\u0105tku grudnia spo\u015br\u00f3d wszystkich nades\u0142anych prac kapitu\u0142a wybra\u0142a 8 najlepszych. Zosta\u0142y one zaprezentowane na uroczystym rozstrzygni\u0119ciu konkursu, kt\u00f3re odby\u0142o si\u0119 16 grudnia 2005r. w Centrum Multimedialnym Foksal. Wszystkie prezentacje charakteryzowa\u0142y si\u0119 pomys\u0142owo\u015bci\u0105 oraz wysokim poziomem merytorycznym.<\/p>\n<p>Laureatami tegorocznej edycji konkursu by\u0142y zespo\u0142y ze szk\u00f3\u0142: 1. IX LO im. Klementyny Hoffmanowej w Warszawie, 2. LXX LO im. Aleksandra Kami\u0144skiego w Warszawie, 3. Zesp\u00f3\u0142 Szk\u00f3\u0142 nr39 im. Prof. E. Jankowskiego <\/p>\n<p>Zwyci\u0119skie zespo\u0142y otrzyma\u0142y atrakcyjne nagrody: wycieczki do Brukseli, laptopy, aparaty cyfrowe, encyklopedie o Unii Europejskiej. Wyr\u00f3\u017cnione zosta\u0142y tak\u017ce szko\u0142y, do kt\u00f3rych ucz\u0119szczaj\u0105 zwyci\u0119skie zespo\u0142y. Otrzyma\u0142y one komputery. Prace ocenia\u0142a kapitu\u0142a obraduj\u0105ca pod przewodnictwem profesora Dariusza Rosatiego, sk\u0142adaj\u0105ca si\u0119 z nauczycieli wybranych szk\u00f3\u0142 ponadgimnazjalnych. Sk\u0142ad kapitu\u0142y: Prof.dr hab. Dariusz Rosati &#8211; przewodnicz\u0105cy kapitu\u0142y, Janina Kilia\u0144ska- nauczycielka geografii, III L O w Wo\u0142ominie, Dorota Chaczy\u0144ska- nauczycielka chemii, opiekun szkolnego klub  europejskiego; CXVI L O w Warszawie, Jaros\u0142aw Wowak- informatyk, II LO w Otwocku, Joanna \u015ali\u017cewska- nauczyciel przedmiotu Integracja Europejska, CXI LO  w Warszawie, Ma\u0142gorzata Koz\u0142owska- nauczycielka historii i wiedzy o spo\u0142ecze\u0144stwie, CXII LO W Warszawie, Regina \u017b\u00f3\u0142tek- nauczycielka historii, XCII LO w Warszawie, Robert Krysik- nauczyciel przedmiotu Integracja Europejska, LO w Piastowie, Katarzyna L\u0119cznar- nauczycielka historii i Wiedzy o Spo\u0142ecze\u0144stwie LXX LO w Warszawie.<\/p>\n<p>W\u015br\u00f3d go\u015bci obecnych na uroczysto\u015bci obecna by\u0142a tak\u017ce pani Ewa Repsch z Ministerstwa Edukacji Narodowej.<\/p>\n","protected":false},"excerpt":{"rendered":"16 grudnia 2005r. rozstrzygni\u0119ta zosta\u0142a II edycja konkursu europejskiego, organizowanego przez pos\u0142a do Parlamentu Europejskiego Pana Dariusza Rosatiego, pod patronatem Ministerstwa Edukacji Narodowej. Tematem tegorocznej edycji konkursu by\u0142o has\u0142o &#8222;Unia Europejska &#8211; moja szansa na lepsze jutro&#8221;.","protected":false},"author":1,"featured_media":0,"comment_status":"open","ping_status":"closed","sticky":false,"template":"","format":"standard","meta":{"csco_display_header_overlay":false,"csco_singular_sidebar":"","csco_page_header_type":"","csco_page_load_nextpost":"","csco_post_video_location":[],"csco_post_video_location_hash":"","csco_post_video_url":"","csco_post_video_bg_start_time":0,"csco_post_video_bg_end_time":0,"footnotes":""},"categories":[9658],"tags":[],"class_list":{"0":"post-83172","1":"post","2":"type-post","3":"status-publish","4":"format-standard","6":"category-branding","7":"cs-entry","8":"cs-video-wrap"},"_links":{"self":[{"href":"https:\/\/mediarun.com\/pl\/wp-json\/wp\/v2\/posts\/83172","targetHints":{"allow":["GET"]}}],"collection":[{"href":"https:\/\/mediarun.com\/pl\/wp-json\/wp\/v2\/posts"}],"about":[{"href":"https:\/\/mediarun.com\/pl\/wp-json\/wp\/v2\/types\/post"}],"author":[{"embeddable":true,"href":"https:\/\/mediarun.com\/pl\/wp-json\/wp\/v2\/users\/1"}],"replies":[{"embeddable":true,"href":"https:\/\/mediarun.com\/pl\/wp-json\/wp\/v2\/comments?post=83172"}],"version-history":[{"count":0,"href":"https:\/\/mediarun.com\/pl\/wp-json\/wp\/v2\/posts\/83172\/revisions"}],"wp:attachment":[{"href":"https:\/\/mediarun.com\/pl\/wp-json\/wp\/v2\/media?parent=83172"}],"wp:term":[{"taxonomy":"category","embeddable":true,"href":"https:\/\/mediarun.com\/pl\/wp-json\/wp\/v2\/categories?post=83172"},{"taxonomy":"post_tag","embeddable":true,"href":"https:\/\/mediarun.com\/pl\/wp-json\/wp\/v2\/tags?post=83172"}],"curies":[{"name":"wp","href":"https:\/\/api.w.org\/{rel}","templated":true}]}}