{"id":83169,"date":"2005-12-22T14:25:03","date_gmt":"2005-12-22T13:25:03","guid":{"rendered":"https:\/\/mediarun.com\/index.php\/news-posts\/wyroznienie-dla-polskiego-radia\/"},"modified":"2005-12-22T14:25:03","modified_gmt":"2005-12-22T13:25:03","slug":"wyroznienie-dla-polskiego-radia","status":"publish","type":"post","link":"https:\/\/mediarun.com\/pl\/media\/radio\/wyroznienie-dla-polskiego-radia.html","title":{"rendered":"Wyr\u00f3\u017cnienie dla Polskiego Radia"},"content":{"rendered":"<p>Prezes Polskiego Radia Andrzej Siezieniewski, w li\u015bcie do uczestnik\u00f3w uroczysto\u015bci podkre\u015bli\u0142, \u017ce odznaka to zaszczyt i honor dla instytucji, a dla dziennikarzy zobowi\u0105zanie do dalszej pracy. <\/p>\n<p>W imieniu zarz\u0105du Polskiego Radia odznak\u0119 odebra\u0142a Beata Jaworska, cz\u0142onek zarz\u0105du.<\/p>\n","protected":false},"excerpt":{"rendered":"Polskie Radio otrzyma\u0142o z\u0142ot\u0105 Honorow\u0105 Odznak\u0119 Polskiego Zwi\u0105zku Niewidomych. Wyr\u00f3\u017cnienie zosta\u0142o przyznane z okazji 80-lecia Polskiego Radia. &#8211; Odznaczaj\u0105c Polskie Radio Zwi\u0105zek chcia\u0142 podzi\u0119kowa\u0107 dziennikarzom za ich dzia\u0142alno\u015b\u0107 &#8211; m\u00f3wi Anna Wo\u017aniak-Szyma\u0144ska, przewodnicz\u0105ca zwi\u0105zku.","protected":false},"author":1,"featured_media":83170,"comment_status":"open","ping_status":"closed","sticky":false,"template":"","format":"standard","meta":{"csco_display_header_overlay":false,"csco_singular_sidebar":"","csco_page_header_type":"","csco_page_load_nextpost":"","csco_post_video_location":[],"csco_post_video_location_hash":"","csco_post_video_url":"","csco_post_video_bg_start_time":0,"csco_post_video_bg_end_time":0,"footnotes":""},"categories":[9672],"tags":[],"class_list":{"0":"post-83169","1":"post","2":"type-post","3":"status-publish","4":"format-standard","5":"has-post-thumbnail","7":"category-radio","8":"cs-entry","9":"cs-video-wrap"},"_links":{"self":[{"href":"https:\/\/mediarun.com\/pl\/wp-json\/wp\/v2\/posts\/83169","targetHints":{"allow":["GET"]}}],"collection":[{"href":"https:\/\/mediarun.com\/pl\/wp-json\/wp\/v2\/posts"}],"about":[{"href":"https:\/\/mediarun.com\/pl\/wp-json\/wp\/v2\/types\/post"}],"author":[{"embeddable":true,"href":"https:\/\/mediarun.com\/pl\/wp-json\/wp\/v2\/users\/1"}],"replies":[{"embeddable":true,"href":"https:\/\/mediarun.com\/pl\/wp-json\/wp\/v2\/comments?post=83169"}],"version-history":[{"count":0,"href":"https:\/\/mediarun.com\/pl\/wp-json\/wp\/v2\/posts\/83169\/revisions"}],"wp:featuredmedia":[{"embeddable":true,"href":"https:\/\/mediarun.com\/pl\/wp-json\/wp\/v2\/media\/83170"}],"wp:attachment":[{"href":"https:\/\/mediarun.com\/pl\/wp-json\/wp\/v2\/media?parent=83169"}],"wp:term":[{"taxonomy":"category","embeddable":true,"href":"https:\/\/mediarun.com\/pl\/wp-json\/wp\/v2\/categories?post=83169"},{"taxonomy":"post_tag","embeddable":true,"href":"https:\/\/mediarun.com\/pl\/wp-json\/wp\/v2\/tags?post=83169"}],"curies":[{"name":"wp","href":"https:\/\/api.w.org\/{rel}","templated":true}]}}