{"id":83152,"date":"2005-12-22T17:25:41","date_gmt":"2005-12-22T16:25:41","guid":{"rendered":"https:\/\/mediarun.com\/index.php\/news-posts\/dyrektor-w-canal-odznaczony\/"},"modified":"2005-12-22T17:25:41","modified_gmt":"2005-12-22T16:25:41","slug":"dyrektor-w-canal-odznaczony","status":"publish","type":"post","link":"https:\/\/mediarun.com\/pl\/media\/tv\/dyrektor-w-canal-odznaczony.html","title":{"rendered":"Dyrektor w Canal+ odznaczony"},"content":{"rendered":"<p>Odznaczenie otrzyma\u0142 z r\u0105k Ambasadora Francji Pierre&#8217;a Menat we wtorek 20 grudnia w Warszawie. &#8211; Republika Francuska pragnie wyrazi\u0107 Panu swe uznanie za szczeg\u00f3lne osi\u0105gni\u0119cia zawodowe oraz za wyj\u0105tkowe zaanga\u017cowanie w sprawy polskie &#8211; powiedzia\u0142 Menat. Ambasador szczeg\u00f3lnie podkre\u015bli\u0142 znaczenie dzia\u0142a\u0144 podejmowanych przez Dominique&#8217;a Lesage&#8217;a w latach 80. na rzecz ruchu solidarno\u015bciowego w Polsce. <\/p>\n<p>Odbieraj\u0105c order, w kr\u00f3tkim przem\u00f3wieniu Dominique Lesage wspomnia\u0142 moment, w kt\u00f3rym Ambasador Francji poinformowa\u0142 go o przyznanym przez Prezydenta Francji odznaczeniu. &#8211; To, co mnie najbardziej poruszy\u0142o, to fakt, \u017ce ten medal jest wynikiem inicjatywy podj\u0119tej przez tych, kt\u00f3rzy s\u0105 \u015bwiadkami mojej dzia\u0142alno\u015bci &#8211; m\u00f3wi. Przywo\u0142uj\u0105c s\u0142owa Victora Hugo, kt\u00f3ry nazwa\u0142 Francuz\u00f3w misjonarzami kultury w Europie, a Polak\u00f3w jej rycerzami, Lesage stwierdza, \u017ce czuje si\u0119 teraz jeszcze bardziej Polakiem. Odbieraj\u0105c order za\u015b zapewni\u0142: &#8211; B\u0119d\u0119 go nosi\u0107 z dum\u0105 i poczuciem, \u017ce mam jeszcze du\u017co do zrobienia w moim \u017cyciu, w pracy, w tym kraju i w\u015br\u00f3d Was &#8211; dodaje.<\/p>\n<p>Order Zas\u0142ug Narodowych to drugie po Legii Honorowej najwy\u017csze francuskie odznaczenie pa\u0144stwowe, ustanowione w 1963 r. przez genera\u0142a Charlesa de Gaulle&#8217;a, przyznawane w uznaniu za wyj\u0105tkowe zas\u0142ugi osobom pe\u0142ni\u0105cym funkcje publiczne, cywilne lub wojskowe, albo prowadz\u0105cym dzia\u0142alno\u015b\u0107 prywatn\u0105.<\/p>\n<p>Dominique Lesage urodzi\u0142 si\u0119 w 1951 r. w Nancy we Francji. Z Polsk\u0105 zwi\u0105zany jest od 1976 r., kiedy jako aktor rozpocz\u0105\u0142 czteroletni\u0105 wsp\u00f3\u0142prac\u0119 z Teatrem STU w Krakowie. W latach 80. wspiera\u0142 polski ruch wolno\u015bciowy, organizuj\u0105c zbi\u00f3rki dar\u00f3w, konwoje humanitarne, koncerty na rzecz Solidarno\u015bci, pomoc emigrantom politycznym. Jednocze\u015bnie jako aktor i re\u017cyser wsp\u00f3\u0142pracowa\u0142 z kilkoma o\u015brodkami teatralnymi we Francji, w Belgii i we W\u0142oszech.  Jako architekt kierowa\u0142 te\u017c firm\u0105 projektowo-budowlan\u0105. Od 1994 r. na sta\u0142e mieszka w Polsce i zwi\u0105zany jest ze stacj\u0105 telewizyjn\u0105 CANAL+, w kt\u00f3rej pe\u0142ni funkcj\u0119 Dyrektora ds. Instytucjonalnych i Europejskich. W swojej pracy dzia\u0142a na rzecz polskiej kultury i promocji wsp\u00f3\u0142pracy polsko-francuskiej. Jest cz\u0142onkiem Krajowej Izby Producent\u00f3w Audiowizualnych i za\u0142o\u017cycielem Polskiej Fundacji im. Saint Exupery. W pa\u017adzierniku 2005 r. mianowany zosta\u0142 cz\u0142onkiem Rady Polskiego Instytutu Sztuki Filmowej.<\/p>\n","protected":false},"excerpt":{"rendered":"Dominique Lesage, dyrektor ds. instytucjonalnych i europejskich w sp\u00f3\u0142ce Canal+ Cyfrowy, cz\u0142onek rady Polskiego Instytutu Sztuki Filmowej, zosta\u0142 oznaczony Orderem Zas\u0142ug Narodowych Republiki Francji.","protected":false},"author":1,"featured_media":83153,"comment_status":"open","ping_status":"closed","sticky":false,"template":"","format":"standard","meta":{"csco_display_header_overlay":false,"csco_singular_sidebar":"","csco_page_header_type":"","csco_page_load_nextpost":"","csco_post_video_location":[],"csco_post_video_location_hash":"","csco_post_video_url":"","csco_post_video_bg_start_time":0,"csco_post_video_bg_end_time":0,"footnotes":""},"categories":[9670],"tags":[],"class_list":{"0":"post-83152","1":"post","2":"type-post","3":"status-publish","4":"format-standard","5":"has-post-thumbnail","7":"category-tv","8":"cs-entry","9":"cs-video-wrap"},"_links":{"self":[{"href":"https:\/\/mediarun.com\/pl\/wp-json\/wp\/v2\/posts\/83152","targetHints":{"allow":["GET"]}}],"collection":[{"href":"https:\/\/mediarun.com\/pl\/wp-json\/wp\/v2\/posts"}],"about":[{"href":"https:\/\/mediarun.com\/pl\/wp-json\/wp\/v2\/types\/post"}],"author":[{"embeddable":true,"href":"https:\/\/mediarun.com\/pl\/wp-json\/wp\/v2\/users\/1"}],"replies":[{"embeddable":true,"href":"https:\/\/mediarun.com\/pl\/wp-json\/wp\/v2\/comments?post=83152"}],"version-history":[{"count":0,"href":"https:\/\/mediarun.com\/pl\/wp-json\/wp\/v2\/posts\/83152\/revisions"}],"wp:featuredmedia":[{"embeddable":true,"href":"https:\/\/mediarun.com\/pl\/wp-json\/wp\/v2\/media\/83153"}],"wp:attachment":[{"href":"https:\/\/mediarun.com\/pl\/wp-json\/wp\/v2\/media?parent=83152"}],"wp:term":[{"taxonomy":"category","embeddable":true,"href":"https:\/\/mediarun.com\/pl\/wp-json\/wp\/v2\/categories?post=83152"},{"taxonomy":"post_tag","embeddable":true,"href":"https:\/\/mediarun.com\/pl\/wp-json\/wp\/v2\/tags?post=83152"}],"curies":[{"name":"wp","href":"https:\/\/api.w.org\/{rel}","templated":true}]}}